{"id":10425,"date":"2024-06-03T00:02:48","date_gmt":"2024-06-02T22:02:48","guid":{"rendered":"http:\/\/paroisse-saint-charles.fr\/WordPress3\/?p=10425"},"modified":"2024-06-03T00:03:22","modified_gmt":"2024-06-02T22:03:22","slug":"annonces-du-dimanche-2-juin","status":"publish","type":"post","link":"http:\/\/paroisse-saint-charles.fr\/WordPress3\/2024\/06\/annonces-du-dimanche-2-juin\/","title":{"rendered":"Annonces du dimanche 2 juin."},"content":{"rendered":"<p>Chers paroissiens,<\/p>\n<p>voici les annonces pour cette semaine :<\/p>\n<ul>\n<li>lundi 3 juin, Ste Clotilde, messe \u00e0 18h30 suivie de l&rsquo;adoration<\/li>\n<li>mardi 4 juin, St Fran\u00e7ois Caracciolo, messes \u00e0 9h et 18h30, adoration \u00e0 8h<\/li>\n<li>mercredi 5 juin, St Boniface, messes \u00e0 10h30 et 18h30, adoration \u00e0 9h30<\/li>\n<li>jeudi 6, St Norbert, messes \u00e0 12h15 et 18h30, adoration \u00e0 11h15<\/li>\n<li>vendredi 7, f\u00eate du Sacr\u00e9-Coeur, messes \u00e0 7h15 et 18h30, Heure Sainte \u00e0 15h,\n<ul>\n<li><strong>Premier vendredi du mois, soir\u00e9e Mis\u00e9ricorde avec adoration\/confession jusqu&rsquo;\u00e0 22h.<\/strong><\/li>\n<li>Messe du v\u0153u des \u00e9chevins \u00e0 la basilique du Sacr\u00e9-Coeur \u00e0 8h.<\/li>\n<\/ul>\n<\/li>\n<li>samedi 8, f\u00eate de ND de la Garde, messe \u00e0 18h30 (<strong>pas de messe \u00e0 12h15<\/strong>), adoration \u00e0 8h30<\/li>\n<li>Dimanche 9, Solennit\u00e9 du Sacr\u00e9-Coeur, messes \u00e0 9h et 10h30, v\u00eapres et Salut \u00e0 18h.<\/li>\n<\/ul>\n<p>La Coloc&rsquo; Marthe et Marie ouvre ses portes ce jeudi. Si vous voulez venir d\u00e9couvrir cette mission, <a href=\"https:\/\/docs.google.com\/forms\/d\/e\/1FAIpQLSeJ0ERu5Vqdx98KnLUaolpRueATHziOjWMjUA41hd-AuiP-eQ\/viewform\">inscrivez-vous au barbecue<\/a> !<\/p>\n<p>A l&rsquo;occasion du 350\u00e8\u00a0 anniversaire des apparitions du Sacr\u00e9-Coeur, \u00e0 Paray le Monial, un spectacle \u00ab\u00a0J\u00e9sus au couvent\u00a0\u00bb sur la vie de Ste Marguerite Marie sera donn\u00e9 \u00e0 la basilique du Sacr\u00e9-Coeur le samedi 8 juin \u00e0 20h30 et le dimanche 9 juin \u00e0 15h30 (entr\u00e9e libre).<\/p>\n<p>L&rsquo;\u00e9cole Bx abb\u00e9 Fouque propose un poste pour un volontaire en service civique (organisation de sorties\/activit\u00e9s p\u00e9ri-scolaires, surveillance et animation de d\u00e9jeuner\/r\u00e9cr\u00e9ation, d\u00e9couverte du m\u00e9tier d&rsquo;enseignants&#8230;). Il faut avoir entre 16 et 25 ans, indemnit\u00e9 de 580\u20ac\/mois pour 24 \u00e0 30h par semaine. contacter accueil@ecole-abbefouque.fr<\/p>\n<p>Dans la joie et l&rsquo;action de gr\u00e2ce de la visite pastorale de notre archev\u00eaque et des confirmations.<\/p>\n<p>Soyez s\u00fbrs de nos pri\u00e8res<\/p>\n<p>Abb\u00e9 Eloi Gillet<br \/>\nAbb\u00e9 Vincent Marie-Jeanne<br \/>\nAbb\u00e9 Henri et abb\u00e9 Alban.<\/p>\n","protected":false},"excerpt":{"rendered":"<p>Chers paroissiens, voici les annonces pour cette semaine : lundi 3 juin, Ste Clotilde, messe \u00e0 18h30 suivie de l&rsquo;adoration mardi 4 juin, St Fran\u00e7ois Caracciolo, messes \u00e0 9h et 18h30, adoration \u00e0 8h mercredi 5 juin, St Boniface, messes&#8230;<br \/><a class=\"read-more-button\" href=\"http:\/\/paroisse-saint-charles.fr\/WordPress3\/2024\/06\/annonces-du-dimanche-2-juin\/\">Savoir plus<\/a><\/p>\n","protected":false},"author":4,"featured_media":0,"comment_status":"closed","ping_status":"closed","sticky":false,"template":"","format":"standard","meta":{"footnotes":""},"categories":[3,8],"tags":[],"class_list":["post-10425","post","type-post","status-publish","format-standard","hentry","category-actualite-du-diocese","category-homepage"],"jetpack_featured_media_url":"","_links":{"self":[{"href":"http:\/\/paroisse-saint-charles.fr\/WordPress3\/wp-json\/wp\/v2\/posts\/10425","targetHints":{"allow":["GET"]}}],"collection":[{"href":"http:\/\/paroisse-saint-charles.fr\/WordPress3\/wp-json\/wp\/v2\/posts"}],"about":[{"href":"http:\/\/paroisse-saint-charles.fr\/WordPress3\/wp-json\/wp\/v2\/types\/post"}],"author":[{"embeddable":true,"href":"http:\/\/paroisse-saint-charles.fr\/WordPress3\/wp-json\/wp\/v2\/users\/4"}],"replies":[{"embeddable":true,"href":"http:\/\/paroisse-saint-charles.fr\/WordPress3\/wp-json\/wp\/v2\/comments?post=10425"}],"version-history":[{"count":3,"href":"http:\/\/paroisse-saint-charles.fr\/WordPress3\/wp-json\/wp\/v2\/posts\/10425\/revisions"}],"predecessor-version":[{"id":10428,"href":"http:\/\/paroisse-saint-charles.fr\/WordPress3\/wp-json\/wp\/v2\/posts\/10425\/revisions\/10428"}],"wp:attachment":[{"href":"http:\/\/paroisse-saint-charles.fr\/WordPress3\/wp-json\/wp\/v2\/media?parent=10425"}],"wp:term":[{"taxonomy":"category","embeddable":true,"href":"http:\/\/paroisse-saint-charles.fr\/WordPress3\/wp-json\/wp\/v2\/categories?post=10425"},{"taxonomy":"post_tag","embeddable":true,"href":"http:\/\/paroisse-saint-charles.fr\/WordPress3\/wp-json\/wp\/v2\/tags?post=10425"}],"curies":[{"name":"wp","href":"https:\/\/api.w.org\/{rel}","templated":true}]}}