{"id":10522,"date":"2024-09-07T19:13:08","date_gmt":"2024-09-07T17:13:08","guid":{"rendered":"http:\/\/paroisse-saint-charles.fr\/WordPress3\/?p=10522"},"modified":"2024-09-07T19:16:21","modified_gmt":"2024-09-07T17:16:21","slug":"dates-de-lannee-a-vos-agendas","status":"publish","type":"post","link":"http:\/\/paroisse-saint-charles.fr\/WordPress3\/2024\/09\/dates-de-lannee-a-vos-agendas\/","title":{"rendered":"DATES DE L&rsquo;ANNEE ! A vos agendas"},"content":{"rendered":"<p>Chers paroissiens,<br \/>\nvoici quelques dates \u00e0 retenir pour cette ann\u00e9e pastorale\u00a0 :<\/p>\n<ul>\n<li><span style=\"color: #00ff00;\">Dimanche 8 septembre \u00e0 16h \u00e0 la cath\u00e9drale de la Major, messe de rentr\u00e9e dioc\u00e9saine<\/span><\/li>\n<li>soir\u00e9e culturelle (concert et vernissage) Samedi 14 septembre \u00e0 19h \u00e0 Saint-Charles<\/li>\n<li><span style=\"color: #ff0000;\">Dimanche 29 septembre : d\u00e9jeuner partag\u00e9 de rentr\u00e9e<\/span><\/li>\n<li><span style=\"color: #ff9900;\">Samedi 5 et Dimanche \u00a7 , p\u00e8lerinage Nosto F\u00e9 entre Cotignac et Saint Maximin<\/span><\/li>\n<li>Dimanche 3 novembre solennit\u00e9 de Saint-Charles, patron de la paroisse.<\/li>\n<li><span style=\"color: #3366ff;\">Samedi 21 d\u00e9cembre, mission paroissiale de 15h \u00e0 18h<\/span><\/li>\n<li><span style=\"color: #ff0000;\">Dimanche 12 janvier, repas paroissial partag\u00e9<\/span><\/li>\n<li>Camp Ski pour coll\u00e9giens et lyc\u00e9ens du 9 au 15 f\u00e9vrier<\/li>\n<li>WE Mis\u00e9ricorde et Mission du 21 au 23 f\u00e9vrier<\/li>\n<li>R\u00e9collection Paroissiale les 22 et 23 mars<\/li>\n<li><span style=\"color: #3366ff;\">Mission des Rameaux le Samedi 12 avril de 15h \u00e0 18h<\/span><\/li>\n<li><span style=\"color: #00ff00;\">Messe chrismale le lundi 14 avril \u00e0 la Major \u00e0 19h<\/span><\/li>\n<li>Dimanche de la Mis\u00e9ricorde 27 avril<\/li>\n<li>Premi\u00e8res communions dimanche 18 mai ou dimanche 25 mai.<\/li>\n<li><span style=\"color: #00ff00;\">Confirmations des adultes \u00e0 la Major le samedi 7 juin \u00e0 20h30<\/span><\/li>\n<li><span style=\"color: #ff9900;\">P\u00e8lerinage de Chartres du 7 au 9 juin.<\/span><\/li>\n<li><span style=\"color: #ff9900;\">p\u00e8lerinages des m\u00e8res de famille \u00e0 Cotignac du 13 au 15 juin<\/span><\/li>\n<li>Profession de foi le Dimanche 22 juin \u00e0 10h30<\/li>\n<li><span style=\"color: #00ff00;\">Ordinations \u00e0 la Major dimanche 29 juin \u00e0 16h.<\/span><\/li>\n<li><span style=\"color: #ff9900;\">p\u00e8lerinage des p\u00e8res de famille du 4 au 6 juillet<\/span><\/li>\n<\/ul>\n<p>Soir\u00e9e Mis\u00e9ricorde les premiers vendredis du mois :<br \/>\n6 septembre, 4 octobre, 6 d\u00e9cembre, 3 janvier, 7 f\u00e9vrier, 7 mars, 4 avril, 2 mai, 6 juin<\/p>\n<p>Avec joie<\/p>\n<p>vos pr\u00eatres<\/p>\n","protected":false},"excerpt":{"rendered":"<p>Chers paroissiens, voici quelques dates \u00e0 retenir pour cette ann\u00e9e pastorale\u00a0 : Dimanche 8 septembre \u00e0 16h \u00e0 la cath\u00e9drale de la Major, messe de rentr\u00e9e dioc\u00e9saine soir\u00e9e culturelle (concert et vernissage) Samedi 14 septembre \u00e0 19h \u00e0 Saint-Charles Dimanche&#8230;<br \/><a class=\"read-more-button\" href=\"http:\/\/paroisse-saint-charles.fr\/WordPress3\/2024\/09\/dates-de-lannee-a-vos-agendas\/\">Savoir plus<\/a><\/p>\n","protected":false},"author":4,"featured_media":0,"comment_status":"closed","ping_status":"closed","sticky":false,"template":"","format":"standard","meta":{"footnotes":""},"categories":[3,8,11],"tags":[],"class_list":["post-10522","post","type-post","status-publish","format-standard","hentry","category-actualite-du-diocese","category-homepage","category-newsletter"],"jetpack_featured_media_url":"","_links":{"self":[{"href":"http:\/\/paroisse-saint-charles.fr\/WordPress3\/wp-json\/wp\/v2\/posts\/10522","targetHints":{"allow":["GET"]}}],"collection":[{"href":"http:\/\/paroisse-saint-charles.fr\/WordPress3\/wp-json\/wp\/v2\/posts"}],"about":[{"href":"http:\/\/paroisse-saint-charles.fr\/WordPress3\/wp-json\/wp\/v2\/types\/post"}],"author":[{"embeddable":true,"href":"http:\/\/paroisse-saint-charles.fr\/WordPress3\/wp-json\/wp\/v2\/users\/4"}],"replies":[{"embeddable":true,"href":"http:\/\/paroisse-saint-charles.fr\/WordPress3\/wp-json\/wp\/v2\/comments?post=10522"}],"version-history":[{"count":4,"href":"http:\/\/paroisse-saint-charles.fr\/WordPress3\/wp-json\/wp\/v2\/posts\/10522\/revisions"}],"predecessor-version":[{"id":10526,"href":"http:\/\/paroisse-saint-charles.fr\/WordPress3\/wp-json\/wp\/v2\/posts\/10522\/revisions\/10526"}],"wp:attachment":[{"href":"http:\/\/paroisse-saint-charles.fr\/WordPress3\/wp-json\/wp\/v2\/media?parent=10522"}],"wp:term":[{"taxonomy":"category","embeddable":true,"href":"http:\/\/paroisse-saint-charles.fr\/WordPress3\/wp-json\/wp\/v2\/categories?post=10522"},{"taxonomy":"post_tag","embeddable":true,"href":"http:\/\/paroisse-saint-charles.fr\/WordPress3\/wp-json\/wp\/v2\/tags?post=10522"}],"curies":[{"name":"wp","href":"https:\/\/api.w.org\/{rel}","templated":true}]}}