{"id":10711,"date":"2025-01-19T23:28:39","date_gmt":"2025-01-19T22:28:39","guid":{"rendered":"http:\/\/paroisse-saint-charles.fr\/WordPress3\/?p=10711"},"modified":"2025-01-19T23:30:02","modified_gmt":"2025-01-19T22:30:02","slug":"annonces-du-dimanche-19-janvier","status":"publish","type":"post","link":"http:\/\/paroisse-saint-charles.fr\/WordPress3\/2025\/01\/annonces-du-dimanche-19-janvier\/","title":{"rendered":"Annonces du dimanche 19 janvier"},"content":{"rendered":"<p>Chers paroissiens,<\/p>\n<p>voici les annonces de cette semaine :<\/p>\n<ul>\n<li>lundi 20, St Fabien et St S\u00e9bastien, messe \u00e0 18h30 suivie de l&rsquo;adoration, chapelet \u00e0 18h.\n<ul>\n<li><strong>Universit\u00e9 de la Vie 2025<\/strong> les lundi 20 janvier, 27 janvier et 3 f\u00e9vrier, \u00e0 la crypte de la basilique du Sacr\u00e9-Coeur. <a href=\"https:\/\/www.billetweb.fr\/universite-de-la-vie-2025-marseille-13\">Renseignements et inscription ici<\/a>.<\/li>\n<\/ul>\n<\/li>\n<li>mardi 21, Ste Agn\u00e8s, messe \u00e0 18h30, adoration \u00e0 8h<\/li>\n<li>mercredi 22, St Vincent et St Anastase, messes \u00e0 10h30 et 18h30, adoration \u00e0 9h30.<\/li>\n<li>jeudi 23, St Raymond de Penafort, messe \u00e0 12h15, adoration \u00e0 11h15. Cat\u00e9chisme pour adultes \u00e0 20h.<\/li>\n<li>vendredi 24, St Timoth\u00e9e, messes \u00e0 7h15 et 18h30, Heure Sainte \u00e0 15h, Chapelet m\u00e9dit\u00e9 \u00e0 12h30.<\/li>\n<li>samedi 25, Conversion de saint Paul, messes \u00e0 12h15 et 18h30, adoration \u00e0 8h30<\/li>\n<li>Dimanche 26, 3\u00e8 dimanche apr\u00e8s l&rsquo;Epiphanie, messes \u00e0 9h et 10h30, pas de v\u00eapres le soir.<\/li>\n<\/ul>\n<p>Pour ceux qui veulent se pr\u00e9parer \u00e0 P\u00e2ques, nous vous proposons de <a href=\"https:\/\/chat.whatsapp.com\/LwOJImfs1gZJ3FBXHXZRB3\"><strong>rejoindre un groupe Exodus<\/strong><\/a> (pour les hommes) <strong>ou <a href=\"https:\/\/chat.whatsapp.com\/HrJaad8CxMZ33y44pkv7WK\">un groupe Magnify<\/a><\/strong> (pour les femmes). C\u2019est un parcours de conversion (pri\u00e8re, fraternit\u00e9, asc\u00e8se) pour vivre une lib\u00e9ration int\u00e9rieure. Cela dure 90 jours : comme P\u00e2ques sera le 20 avril, cela commence donc le 20 janvier. Nous vous donnerons la documentation directement sur le groupe whatsapp.<\/p>\n<p>Selon un principe similaire, il existe \u00e9galement <a href=\"https:\/\/caremevirtus.fr\/?utm_source=fsvf_fr&amp;utm_medium=free_display&amp;utm_content=mailing&amp;utm_campaign=careme-virtus-1\"><strong>une nouvelle proposition, le car\u00eame virtus<\/strong>,<\/a> qui se greffe davantage sur le cycle liturgique puisque cela commence \u00e0 la Septuag\u00e9sime (le 16 f\u00e9vrier cette ann\u00e9e), et cela se termine dans l&rsquo;octave de P\u00e2ques. Vos pr\u00eatres s&rsquo;engageront \u00e0 vos cot\u00e9s sur ce parcours.<\/p>\n<p><strong>Exposition<\/strong> sur le th\u00e8me \u00ab\u00a0le regard de Dieu\u00a0\u00bb et vernissage le 31 janvier \u00e0 20h. Toutes les <a href=\"http:\/\/paroisse-saint-charles.fr\/WordPress3\/soiree-culturelle-14-septembre\/\">informations se trouvent ic<\/a>i.<\/p>\n<p><a href=\"https:\/\/misericordedivine.fr\/camp-ski-pour-les-paroisses-du-sud-de-la-france\/\"><strong>Les inscriptions au camp Ski seront bient\u00f4t ferm\u00e9es !<\/strong><\/a> Ce camp encadr\u00e9 par les missionnaires de la Mis\u00e9ricorde se d\u00e9roule du 9 au 15 f\u00e9vrier, pour les coll\u00e9giens et lyc\u00e9ens. Le prix maximum est de 450\u20ac, pris qui devrait tr\u00e8s probablement baisser. Il est possible de <a href=\"https:\/\/www.helloasso.com\/associations\/centre-saint-michel-camps\/formulaires\/3\">soutenir ce camp et de permettre \u00e0 un jeune de participer au camp en faisant un don d\u00e9fiscalisable<\/a> ! Ca peut \u00eatre un beau cadeau de No\u00ebl !<\/p>\n<p>&nbsp;<\/p>\n<p><span style=\"color: #ff0000;\">Voici une liste &#8211; non exhaustive ! &#8211; des services paroissiaux qui peuvent requ\u00e9rir votre implication :<\/span><\/p>\n<p>&#8211; la chorale pour la grand messe et pourquoi pas la messe de 9h<br \/>\n&#8211; les musiciens (organistes, tromp\u00e9tistes, flutistes&#8230;)<br \/>\n&#8211; la sacristie<br \/>\n&#8211; les fleuristes<br \/>\n&#8211; le m\u00e9nage<br \/>\n&#8211; l&rsquo;\u00e9quipe d&rsquo;accueil<br \/>\n&#8211; \u00e9quipe communication<br \/>\n&#8211; le service de couture<br \/>\n&#8211; le lavage des nappes, soutanelles&#8230;<br \/>\n&#8211; l&rsquo;\u00e9quipe bricolage<br \/>\n&#8211; l&rsquo;informatique\/entretien du site internet<br \/>\n&#8211; la garderie pendant la messe dominicale<br \/>\n&#8211; les permanences \u00e0 l&rsquo;\u00e9glise<br \/>\n&#8211; un responsable approvisionnement\/gestion stock de cierges<br \/>\n&#8211; le service \u00e9conomat\/tr\u00e9sorier\/comptable<br \/>\n&#8211; les\u00a0 maraudes du vendredi soir<br \/>\n&#8211; conf\u00e9rence Saint Vincent de Paul<br \/>\n&#8211; le panier repas des abb\u00e9<br \/>\n&#8211; pr\u00e9paration au mariage<br \/>\n&#8211; formateur Billings<br \/>\n&#8211; cat\u00e9chisme<br \/>\n&#8211; fraternit\u00e9 Cor Unum<br \/>\n&#8211; &#8230;.<\/p>\n<p>En vous assurant de nos pri\u00e8res<\/p>\n<p>Abb\u00e9 Eloi Gillet<br \/>\nAbb\u00e9 Vincent Marie-Jeanne<br \/>\nAbb\u00e9 Henri Gilliot<br \/>\nAbb\u00e9 Maximilien.<\/p>\n<p>&nbsp;<\/p>\n","protected":false},"excerpt":{"rendered":"<p>Chers paroissiens, voici les annonces de cette semaine : lundi 20, St Fabien et St S\u00e9bastien, messe \u00e0 18h30 suivie de l&rsquo;adoration, chapelet \u00e0 18h. Universit\u00e9 de la Vie 2025 les lundi 20 janvier, 27 janvier et 3 f\u00e9vrier, \u00e0&#8230;<br \/><a class=\"read-more-button\" href=\"http:\/\/paroisse-saint-charles.fr\/WordPress3\/2025\/01\/annonces-du-dimanche-19-janvier\/\">Savoir plus<\/a><\/p>\n","protected":false},"author":4,"featured_media":0,"comment_status":"closed","ping_status":"closed","sticky":false,"template":"","format":"standard","meta":{"footnotes":""},"categories":[8,11],"tags":[],"class_list":["post-10711","post","type-post","status-publish","format-standard","hentry","category-homepage","category-newsletter"],"jetpack_featured_media_url":"","_links":{"self":[{"href":"http:\/\/paroisse-saint-charles.fr\/WordPress3\/wp-json\/wp\/v2\/posts\/10711","targetHints":{"allow":["GET"]}}],"collection":[{"href":"http:\/\/paroisse-saint-charles.fr\/WordPress3\/wp-json\/wp\/v2\/posts"}],"about":[{"href":"http:\/\/paroisse-saint-charles.fr\/WordPress3\/wp-json\/wp\/v2\/types\/post"}],"author":[{"embeddable":true,"href":"http:\/\/paroisse-saint-charles.fr\/WordPress3\/wp-json\/wp\/v2\/users\/4"}],"replies":[{"embeddable":true,"href":"http:\/\/paroisse-saint-charles.fr\/WordPress3\/wp-json\/wp\/v2\/comments?post=10711"}],"version-history":[{"count":3,"href":"http:\/\/paroisse-saint-charles.fr\/WordPress3\/wp-json\/wp\/v2\/posts\/10711\/revisions"}],"predecessor-version":[{"id":10714,"href":"http:\/\/paroisse-saint-charles.fr\/WordPress3\/wp-json\/wp\/v2\/posts\/10711\/revisions\/10714"}],"wp:attachment":[{"href":"http:\/\/paroisse-saint-charles.fr\/WordPress3\/wp-json\/wp\/v2\/media?parent=10711"}],"wp:term":[{"taxonomy":"category","embeddable":true,"href":"http:\/\/paroisse-saint-charles.fr\/WordPress3\/wp-json\/wp\/v2\/categories?post=10711"},{"taxonomy":"post_tag","embeddable":true,"href":"http:\/\/paroisse-saint-charles.fr\/WordPress3\/wp-json\/wp\/v2\/tags?post=10711"}],"curies":[{"name":"wp","href":"https:\/\/api.w.org\/{rel}","templated":true}]}}