{"id":10716,"date":"2025-01-27T11:44:36","date_gmt":"2025-01-27T10:44:36","guid":{"rendered":"https:\/\/paroisse-saint-charles.fr\/WordPress3\/?p=10716"},"modified":"2025-01-27T11:46:54","modified_gmt":"2025-01-27T10:46:54","slug":"annonces-du-dimanche-26-janvier","status":"publish","type":"post","link":"http:\/\/paroisse-saint-charles.fr\/WordPress3\/2025\/01\/annonces-du-dimanche-26-janvier\/","title":{"rendered":"Annonces du dimanche 26 janvier"},"content":{"rendered":"<p>Chers paroissiens,<\/p>\n<p>Voici les annonces de cette semaine :<\/p>\n<ul>\n<li>Lundi 27, saint Jean Chrysostome :\u00a0messe \u00e0 18h30 suivie de l&rsquo;adoration, chapelet \u00e0 18h.\n<ul>\n<li><strong>Universit\u00e9 de la Vie 2025<\/strong> les lundis 27 janvier et 3 f\u00e9vrier, \u00e0 la crypte de la basilique du Sacr\u00e9-Coeur. <a href=\"https:\/\/www.billetweb.fr\/universite-de-la-vie-2025-marseille-13\">Renseignements et inscription ici<\/a>.<\/li>\n<\/ul>\n<\/li>\n<li>Mardi 28, saint Pierre Nolasque : messe \u00e0 18h30, pas d&rsquo;adoration ni de messe le matin.<\/li>\n<li>Mercredi 29, saint Fran\u00e7ois de Sales, docteur de l\u2019\u00c9glise : messes \u00e0 10h30 et 18h30, adoration \u00e0 9h30.<\/li>\n<li>Jeudi 30, sainte Martine, messe \u00e0 <strong>9h <\/strong>et 18h30 (pas de messe \u00e0 12h15), adorations \u00e0 <strong>8h<\/strong> et 11h15.\n<ul>\n<li>Cat\u00e9chisme pour adultes \u00e0 20h.<\/li>\n<li>r\u00e9p\u00e9tition de chorale \u00e0 20h ! La chorale recrute des hommes !<\/li>\n<\/ul>\n<\/li>\n<li>Vendredi 31, saint Jean Bosco, messes \u00e0 7h15 et 18h30, Heure Sainte \u00e0 15h.\n<ul>\n<li><strong>Grande exposition<\/strong> sur le th\u00e8me \u00ab Le regard de Dieu \u00bb : vernissage le 31 janvier \u00e0 19h30 en pr\u00e9sence de bon nombre d&rsquo;artistes, amateurs et professionnels, dont des paroissiens. Il y aura au cours de la soir\u00e9e une r\u00e9flexion philosophique sur le lien entre le Beau et Dieu. Toutes les <a href=\"https:\/\/paroisse-saint-charles.fr\/WordPress3\/art\/\">informations se trouvent ici<\/a>.\n<ul>\n<li>nous recherchons des personnes pour faire la permanence pour maintenir l&rsquo;exposition ouverte pendant la journ\u00e9e du samedi 1er f\u00e9vrier. Il est <a href=\"https:\/\/docs.google.com\/spreadsheets\/d\/1Lu7pDDBYzXHglqiZqDA20yk_-xYSfFNWY2jqN2vMxZ4\/edit?usp=sharing\">possible de s&rsquo;inscrire ici<\/a>.<\/li>\n<li>Nous recherchons \u00e9galement quelques volontaires pour nous aider pour l&rsquo;ap\u00e9ritif qui sera servi au cours du vernissage. Contacter In\u00e8s au 06 10 24 18 70.<\/li>\n<\/ul>\n<\/li>\n<\/ul>\n<\/li>\n<li>Samedi 1er f\u00e9vrier, saint Ignace, 1er samedi du mois messe \u00e0 18h30, adoration \u00e0 <strong>8h<\/strong>. Pas de messe \u00e0 12h15\n<ul>\n<li>Messe d&rsquo;action de gr\u00e2ce pour l&rsquo;\u00e9piscopat de Mgr Rey \u00e0 la Castille \u00e0 10h30.<\/li>\n<\/ul>\n<\/li>\n<li>Dimanche 2 f\u00e9vrier, Pr\u00e9sentation de J\u00e9sus et Purification de la Sainte Vierge (Chandeleur) : messes \u00e0 9h et 10h30 : il y aura une procession depuis la place Lully, v\u00eapres et Salut \u00e0 18h.\n<ul>\n<li>procession de la chandeleur depuis le Vieux Port \u00e0 5h. Messe \u00e0 6h15 \u00e0 la basilique Saint-Victor.<\/li>\n<\/ul>\n<\/li>\n<\/ul>\n<p>En plus ds parcours Exodus et Magnify, il existe \u00e9galement <a href=\"https:\/\/caremevirtus.fr\/?utm_source=fsvf_fr&amp;utm_medium=free_display&amp;utm_content=mailing&amp;utm_campaign=careme-virtus-1\"><strong>une nouvelle proposition, le car\u00eame virtus<\/strong>,<\/a> qui se greffe davantage sur le cycle liturgique puisque cela commence \u00e0 la Septuag\u00e9sime (le 16 f\u00e9vrier cette ann\u00e9e), et cela se termine dans l&rsquo;octave de P\u00e2ques. Vos pr\u00eatres s&rsquo;engageront \u00e0 vos cot\u00e9s sur ce parcours. <strong>Une r\u00e9union d&rsquo;information et de formation des \u00e9quipes est propos\u00e9e le mardi 4 f\u00e9vrier de 19h15 \u00e0 20h<\/strong>. Vous pouvez d\u00e8s \u00e0 pr\u00e9sent rejoindre les groupes WhatsApp cr\u00e9\u00e9s pour faciliter cela : <a href=\"https:\/\/chat.whatsapp.com\/GBPqFIIrKo5IfxoyzG6pWf\">pour les hommes c&rsquo;est ici<\/a>, et <a href=\"https:\/\/chat.whatsapp.com\/FxZMFNzvQ7j5uEBkrwrsj6\">pour les femmes c&rsquo;est l\u00e0<\/a>.<\/p>\n<p>&nbsp;<\/p>\n<p>&nbsp;<\/p>\n<p><a href=\"https:\/\/misericordedivine.fr\/camp-ski-pour-les-paroisses-du-sud-de-la-france\/\"><strong>Les inscriptions au camp Ski seront bient\u00f4t ferm\u00e9es !<\/strong><\/a> Ce camp encadr\u00e9 par les missionnaires de la Mis\u00e9ricorde se d\u00e9roule du 9 au 15 f\u00e9vrier, pour les coll\u00e9giens et lyc\u00e9ens. Le prix maximum est de 450\u20ac, prix qui devrait tr\u00e8s probablement baisser. Il est possible de <a href=\"https:\/\/www.helloasso.com\/associations\/centre-saint-michel-camps\/formulaires\/3\">soutenir ce camp et de permettre \u00e0 un jeune de participer au camp en faisant un don d\u00e9fiscalisable<\/a> ! Ca peut \u00eatre un beau cadeau de No\u00ebl !<\/p>\n<p>&nbsp;<\/p>\n<p><span style=\"color: #ff0000;\">Voici une liste &#8211; non exhaustive ! &#8211; des services paroissiaux qui peuvent requ\u00e9rir votre implication :<\/span><\/p>\n<p>&#8211; la chorale pour la grand messe et pourquoi pas la messe de 9h<br \/>\n&#8211; les musiciens (organistes, trompettistes, fl\u00fbtistes&#8230;)<br \/>\n&#8211; la sacristie<br \/>\n&#8211; les fleuristes<br \/>\n&#8211; le m\u00e9nage<br \/>\n&#8211; l&rsquo;\u00e9quipe d&rsquo;accueil<br \/>\n&#8211; \u00e9quipe communication<br \/>\n&#8211; le service de couture<br \/>\n&#8211; le lavage des nappes, soutanelles&#8230;<br \/>\n&#8211; l&rsquo;\u00e9quipe bricolage<br \/>\n&#8211; l&rsquo;informatique\/entretien du site internet<br \/>\n&#8211; la garderie pendant la messe dominicale<br \/>\n&#8211; les permanences \u00e0 l&rsquo;\u00e9glise<br \/>\n&#8211; un responsable approvisionnement\/gestion stock de cierges<br \/>\n&#8211; le service \u00e9conomat\/tr\u00e9sorier\/comptable<br \/>\n&#8211; les\u00a0 maraudes du vendredi soir<br \/>\n&#8211; conf\u00e9rence Saint Vincent de Paul<br \/>\n&#8211; le panier repas des abb\u00e9s<br \/>\n&#8211; pr\u00e9paration au mariage<br \/>\n&#8211; formateur Billings<br \/>\n&#8211; cat\u00e9chisme<br \/>\n&#8211; fraternit\u00e9 Cor Unum<br \/>\n&#8211; &#8230;.<\/p>\n<p>En vous assurant de nos pri\u00e8res<\/p>\n<p>Abb\u00e9 Eloi Gillet<br \/>\nAbb\u00e9 Vincent Marie-Jeanne<br \/>\nAbb\u00e9 Henri Gilliot<br \/>\nAbb\u00e9 Maximilien.<\/p>\n<p>&nbsp;<\/p>\n","protected":false},"excerpt":{"rendered":"<p>Chers paroissiens, Voici les annonces de cette semaine : Lundi 27, saint Jean Chrysostome :\u00a0messe \u00e0 18h30 suivie de l&rsquo;adoration, chapelet \u00e0 18h. Universit\u00e9 de la Vie 2025 les lundis 27 janvier et 3 f\u00e9vrier, \u00e0 la crypte de la&#8230;<br \/><a class=\"read-more-button\" href=\"http:\/\/paroisse-saint-charles.fr\/WordPress3\/2025\/01\/annonces-du-dimanche-26-janvier\/\">Savoir plus<\/a><\/p>\n","protected":false},"author":8,"featured_media":0,"comment_status":"closed","ping_status":"closed","sticky":false,"template":"","format":"standard","meta":{"footnotes":""},"categories":[8,11,2],"tags":[],"class_list":["post-10716","post","type-post","status-publish","format-standard","hentry","category-homepage","category-newsletter","category-vie-de-la-paroisse"],"jetpack_featured_media_url":"","_links":{"self":[{"href":"http:\/\/paroisse-saint-charles.fr\/WordPress3\/wp-json\/wp\/v2\/posts\/10716","targetHints":{"allow":["GET"]}}],"collection":[{"href":"http:\/\/paroisse-saint-charles.fr\/WordPress3\/wp-json\/wp\/v2\/posts"}],"about":[{"href":"http:\/\/paroisse-saint-charles.fr\/WordPress3\/wp-json\/wp\/v2\/types\/post"}],"author":[{"embeddable":true,"href":"http:\/\/paroisse-saint-charles.fr\/WordPress3\/wp-json\/wp\/v2\/users\/8"}],"replies":[{"embeddable":true,"href":"http:\/\/paroisse-saint-charles.fr\/WordPress3\/wp-json\/wp\/v2\/comments?post=10716"}],"version-history":[{"count":3,"href":"http:\/\/paroisse-saint-charles.fr\/WordPress3\/wp-json\/wp\/v2\/posts\/10716\/revisions"}],"predecessor-version":[{"id":10720,"href":"http:\/\/paroisse-saint-charles.fr\/WordPress3\/wp-json\/wp\/v2\/posts\/10716\/revisions\/10720"}],"wp:attachment":[{"href":"http:\/\/paroisse-saint-charles.fr\/WordPress3\/wp-json\/wp\/v2\/media?parent=10716"}],"wp:term":[{"taxonomy":"category","embeddable":true,"href":"http:\/\/paroisse-saint-charles.fr\/WordPress3\/wp-json\/wp\/v2\/categories?post=10716"},{"taxonomy":"post_tag","embeddable":true,"href":"http:\/\/paroisse-saint-charles.fr\/WordPress3\/wp-json\/wp\/v2\/tags?post=10716"}],"curies":[{"name":"wp","href":"https:\/\/api.w.org\/{rel}","templated":true}]}}