{"id":10732,"date":"2025-02-03T10:53:47","date_gmt":"2025-02-03T09:53:47","guid":{"rendered":"http:\/\/paroisse-saint-charles.fr\/WordPress3\/?p=10732"},"modified":"2025-02-03T11:00:40","modified_gmt":"2025-02-03T10:00:40","slug":"annonces-du-dimanche-2-fevrier","status":"publish","type":"post","link":"http:\/\/paroisse-saint-charles.fr\/WordPress3\/2025\/02\/annonces-du-dimanche-2-fevrier\/","title":{"rendered":"Annonces du dimanche 2 f\u00e9vrier"},"content":{"rendered":"<p>Chers paroissiens,<\/p>\n<p>voici les annonces pour cette semaine :<\/p>\n<ul>\n<li>lundi 3, St Th\u00e9odore et Saint Blaise, messe \u00e0 18h30 suivie de l&rsquo;adoration\n<ul>\n<li><strong>Universit\u00e9 de la Vie 2025<\/strong>, derni\u00e8re soir\u00e9e, \u00e0 la crypte de la basilique du Sacr\u00e9-Coeur. <a href=\"https:\/\/www.billetweb.fr\/universite-de-la-vie-2025-marseille-13\">Renseignements et inscription ici<\/a>.<\/li>\n<\/ul>\n<\/li>\n<li>Mardi 4, St Andr\u00e9 Corsini, messes \u00e0 9h et 18h30, adoration \u00e0 8h.\n<ul>\n<li><strong>Une r\u00e9union d\u2019information et de formation des \u00e9quipes <em>Car\u00eame Virtus<\/em> est propos\u00e9e le mardi 4 f\u00e9vrier de 19h15 \u00e0 20h<\/strong>. Vous pouvez d\u00e8s \u00e0 pr\u00e9sent rejoindre les groupes WhatsApp cr\u00e9\u00e9s pour faciliter cela : <a href=\"https:\/\/chat.whatsapp.com\/GBPqFIIrKo5IfxoyzG6pWf\">pour les hommes c\u2019est ici<\/a>, et <a href=\"https:\/\/chat.whatsapp.com\/FxZMFNzvQ7j5uEBkrwrsj6\">pour les femmes c\u2019est l\u00e0<\/a>.<\/li>\n<\/ul>\n<\/li>\n<li>Mercredi 5, Ste Agathe, messes \u00e0 10h30 et 18h30, adoration \u00e0 9h30.\n<ul>\n<li><strong>d\u00e9montage de la cr\u00e8che de 14h \u00e0 18h<\/strong> : les bonnes volont\u00e9s sont les bienvenues.<\/li>\n<\/ul>\n<\/li>\n<li>Jeudi 6,\u00a0 St Tite, messe \u00e0 12h15 et 18h30, adorations \u00e0 11h15.\n<ul>\n<li><strong>caf\u00e9 cat\u00e9 des mamans<\/strong> \u00e0 partir de 9h sur la vertu de force. Une garderie est propos\u00e9e.<\/li>\n<li><strong>Cat\u00e9chisme pour adultes<\/strong> \u00e0 20h sur le sacre\u00f9ent du mariage<\/li>\n<li>r\u00e9p\u00e9tition de <strong>chorale \u00e0 20h<\/strong> ! La chorale recrute des hommes !<\/li>\n<\/ul>\n<\/li>\n<li>Vendredi 7, St Romuald, <strong>premier vendredi du mois<\/strong>, messes \u00e0 7h15 et 18h30, Heure Sainte \u00e0 15h, soir\u00e9e mis\u00e9ricorde avec adoration\/confession jusqu&rsquo;\u00e0 22h.<\/li>\n<li>Samedi 8, St Jean de Matha, messes \u00e0 12h15 et 18h30, adoration \u00e0 8h30.<\/li>\n<li>Dimanche 9, 5\u00e8 dimanche apr\u00e8s l&rsquo;Epiphanie, messes \u00e0 9h et 10h30, v\u00eapres et Salut \u00e0 18h.<\/li>\n<\/ul>\n<p>Le camp ski Karol organis\u00e9 par la communaut\u00e9 emm\u00e8ne 45 jeunes pendant une semaine. <strong>Nous recherchons deux paires de chaines ou chaussette neige<\/strong> pour \u00e9quiper deux v\u00e9hicules<br \/>\n&#8211; une peugeot 808 : r\u00e9f\u00e9rences des pneus 215\/60 ZR16<br \/>\n&#8211; un Wolkswagen Tranporteur : r\u00e9f\u00e9rence des pneux 215\/65 R16 (taille XL)<br \/>\nContactez l&rsquo;abb\u00e9 Gillet (06 74 76 73 51)\u00a0 si vous pouvez pr\u00eater vos chaine une semaine. Merci d&rsquo;avance.<\/p>\n<p>Il est encore temps de <a href=\"https:\/\/misericordedivine.fr\/activites\/we-misericorde-et-mission\/\">s&rsquo;inscrire pour le WE Mis\u00e9ricorde et Mission<\/a> du 21 au 23 f\u00e9vrier sur le th\u00e8me J\u00e9sus et Mahomet.<\/p>\n<p>Notez aussi la <strong>r\u00e9collection dioc\u00e9saine de Car\u00eame<\/strong> propos\u00e9e par notre archev\u00eaque \u00e0 Lacordaire le <strong>samedi 22 mars<\/strong>.<\/p>\n<p>La <strong>r\u00e9collection paroissiale aura lieu le WE du 22 et 23 mars<\/strong> \u00e0 la Seyne sur Mer.<\/p>\n<p>Pensez \u00e0 <strong>faire c\u00e9l\u00e9brer des messes<\/strong> par vos pr\u00eatres qui sont heureux de prier pour vous \u00e0 vos intentions. Confiez-les leur.<\/p>\n<p>En vous assurant de nos pri\u00e8res<\/p>\n<p>Abb\u00e9 Eloi Gillet<br \/>\nAbb\u00e9 Vincent Marie-Jeanne<br \/>\nAbb\u00e9 Henri Gilliot<br \/>\nAbb\u00e9 Maximilien<\/p>\n","protected":false},"excerpt":{"rendered":"<p>Chers paroissiens, voici les annonces pour cette semaine : lundi 3, St Th\u00e9odore et Saint Blaise, messe \u00e0 18h30 suivie de l&rsquo;adoration Universit\u00e9 de la Vie 2025, derni\u00e8re soir\u00e9e, \u00e0 la crypte de la basilique du Sacr\u00e9-Coeur. Renseignements et inscription&#8230;<br \/><a class=\"read-more-button\" href=\"http:\/\/paroisse-saint-charles.fr\/WordPress3\/2025\/02\/annonces-du-dimanche-2-fevrier\/\">Savoir plus<\/a><\/p>\n","protected":false},"author":4,"featured_media":0,"comment_status":"closed","ping_status":"closed","sticky":false,"template":"","format":"standard","meta":{"footnotes":""},"categories":[3,8,11,2],"tags":[],"class_list":["post-10732","post","type-post","status-publish","format-standard","hentry","category-actualite-du-diocese","category-homepage","category-newsletter","category-vie-de-la-paroisse"],"jetpack_featured_media_url":"","_links":{"self":[{"href":"http:\/\/paroisse-saint-charles.fr\/WordPress3\/wp-json\/wp\/v2\/posts\/10732","targetHints":{"allow":["GET"]}}],"collection":[{"href":"http:\/\/paroisse-saint-charles.fr\/WordPress3\/wp-json\/wp\/v2\/posts"}],"about":[{"href":"http:\/\/paroisse-saint-charles.fr\/WordPress3\/wp-json\/wp\/v2\/types\/post"}],"author":[{"embeddable":true,"href":"http:\/\/paroisse-saint-charles.fr\/WordPress3\/wp-json\/wp\/v2\/users\/4"}],"replies":[{"embeddable":true,"href":"http:\/\/paroisse-saint-charles.fr\/WordPress3\/wp-json\/wp\/v2\/comments?post=10732"}],"version-history":[{"count":3,"href":"http:\/\/paroisse-saint-charles.fr\/WordPress3\/wp-json\/wp\/v2\/posts\/10732\/revisions"}],"predecessor-version":[{"id":10735,"href":"http:\/\/paroisse-saint-charles.fr\/WordPress3\/wp-json\/wp\/v2\/posts\/10732\/revisions\/10735"}],"wp:attachment":[{"href":"http:\/\/paroisse-saint-charles.fr\/WordPress3\/wp-json\/wp\/v2\/media?parent=10732"}],"wp:term":[{"taxonomy":"category","embeddable":true,"href":"http:\/\/paroisse-saint-charles.fr\/WordPress3\/wp-json\/wp\/v2\/categories?post=10732"},{"taxonomy":"post_tag","embeddable":true,"href":"http:\/\/paroisse-saint-charles.fr\/WordPress3\/wp-json\/wp\/v2\/tags?post=10732"}],"curies":[{"name":"wp","href":"https:\/\/api.w.org\/{rel}","templated":true}]}}