{"id":341,"date":"2014-09-29T21:19:28","date_gmt":"2014-09-29T21:19:28","guid":{"rendered":"http:\/\/www.paroisse-saint-charles.fr\/?p=341"},"modified":"2014-09-30T18:23:27","modified_gmt":"2014-09-30T18:23:27","slug":"homelie-au-revoir-mgr-ellul","status":"publish","type":"post","link":"http:\/\/paroisse-saint-charles.fr\/WordPress3\/2014\/09\/homelie-au-revoir-mgr-ellul\/","title":{"rendered":"Hom\u00e9lie de la messe d&rsquo;au-revoir de Mgr Ellul"},"content":{"rendered":"<p style=\"text-align: justify;\">dimanche 21 septembre 2014.<\/p>\n<p style=\"text-align: justify;\">Chers Fr\u00e8res et S\u0153urs,<br \/>\nComment ne pas nous souvenir, il y a maintenant pr\u00e8s de 7 ans, de notre premi\u00e8re messe \u00e0 St Charles, avec le P\u00e8re Laurent Gr\u00e9goire ? Temps de questionnements et d\u2019inqui\u00e9tudes face \u00e0 l\u2019avenir, remise en ordre de cette magnifique \u00e9glise qui s\u2019\u00e9tait peu \u00e0 peu transform\u00e9e en salle de spectacle, et tout le travail que vous y avez accompli. Nous pouvons remercier notre archev\u00eaque, Mgr Georges Pontier, tr\u00e8s soucieux de notre implantation et qui de Lourdes o\u00f9 il se trouvait, me t\u00e9l\u00e9phona le soir pour que puisse lui rendre compte de mon installation. Je dois vous avouer que c\u2019est par ob\u00e9issance stricte que je venais vers vous, et peu \u00e0 peu se sont tiss\u00e9s des liens, vous assurant \u00e0 temps et \u00e0 contre temps, que vous resteriez \u00e0 St Charles, que cette \u00e9glise \u00e9tait d\u00e9sormais votre \u00e9glise. N\u2019avais-je pas raison ?<br \/>\nC\u2019est dans la confiance que nous avons continu\u00e9 d\u2019avancer, voulant vous servir au nom du Seigneur, restant \u00e0 votre \u00e9coute, agissant pour le bien de la communaut\u00e9. Merci pour tout et je n\u2019oublie pas de remercier ceux qui ne sont plus l\u00e0, mais qui sont pr\u00e9sents dans ma pri\u00e8re\u2026<br \/>\nVous allez continuer maintenant avec l\u2019abb\u00e9 Eloi Gillet qui devient administrateur de votre paroisse, que je f\u00e9licite et que j\u2019aiderai lorsqu\u2019il me le demandera, mais de loin, pour ne pas emp\u00eacher son minist\u00e8re et avec l\u2019abb\u00e9 Florent. Ils rejoignent notre secteur pastoral de Prado-Paradis-Corniche, c\u2019est dire, qu\u2019en \u00e9tant Doyen de se secteur, je suivrai l\u2019\u00e9volution spirituelle de votre paroisse.<br \/>\nNotre \u00e9glise, votre \u00e9glise de St Charles, est \u00e0 l\u2019image de l\u2019\u00e9vangile de ce jour. Elle se mourrait, du moins le b\u00e2timent \u00e9tait en \u00e9tat d\u2019urgence de r\u00e9fection, comme le jeune homme mort, fils unique de la veuve de Na\u00efm, dont nous parle St Luc en ce 15\u00e8me dimanche, mais J\u00e9sus s\u2019est approch\u00e9 et l\u2019a ressuscit\u00e9. Ce r\u00e9cit touche nos c\u0153urs, et ici apr\u00e8s bien des d\u00e9marches, vous voil\u00e0 enfin encombr\u00e9 d\u2019\u00e9chafaudages et de poussi\u00e8re, un temps de difficult\u00e9s n\u00e9cessaires, car lorsque la nef o\u00f9 veille la Vierge Marie, Notre-Dame des malades, sera rendue au culte, nous y d\u00e9couvrions des merveilles d\u2019architecture, les murs lav\u00e9s et restaur\u00e9s, les plafonds repeints \u00e0 l\u2019identique de ce qu\u2019ils \u00e9taient au 19\u00e8 si\u00e8cle. Merci \u00e0 la Mairie et aux services techniques et merci \u00e9galement aux ma\u00e7ons et aux restauratrices.<br \/>\nEn revenant \u00e0 l\u2019Evangile de ce jour, , malgr\u00e9 notre joie de croire et de t\u00e9moigner du Christ, nous sommes comme morts, entrav\u00e9s par nos p\u00e9ch\u00e9s, couch\u00e9s dans la bi\u00e8re de nos suffisances, recouverts d\u2019orgueil, et comme la veuve de Na\u00efm, la m\u00e8re de Dieu pleure \u00e0 nos c\u00f4t\u00e9s, comme le fit Marie en apparaissant \u00e0 ces deux jeunes enfants \u00e0 La Salette, demandant s\u2019ils faisaient leur pri\u00e8res et s\u2019entendant r\u00e9pondre \u00ab gu\u00e8re, Madame \u00bb ! Elle leur proposa la conversion du c\u0153ur, car les nombreux p\u00e9ch\u00e9s des habitants du village et le non respect du dimanche faisait qu\u2019elle ne pouvait plus retenir le bras de son Fils, qui pourtant est amour et mis\u00e9ricorde.<br \/>\nAussi J\u00e9sus est l\u00e0, il se tient \u00e0 nos c\u00f4t\u00e9s et il s\u2019approche de nous comme pour arr\u00eater les porteurs et nous redonner la vie par le sacrement de r\u00e9conciliation, de p\u00e9nitence. L\u2019apr\u00e8s conversion va nous voir, je l\u2019esp\u00e8re, mettre en pratique, ce \u00e0 quoi St Paul nous invite : \u00ab porter les fardeaux les uns des autres, pour accomplir la loi d\u2019amour du Christ ; ne pas nous lasser de faire le bien et vivre dans et par l\u2019Esprit, cet Esprit-Saint qui nous fait toujours d\u00e9couvrir des chemins nouveaux sur lesquels nous marchons dans la foi et la confiance.<br \/>\nD\u2019ailleurs l\u2019oraison de la messe le souligne : \u00ab par ta compassion, Seigneur, de cesse point de purifier et de soutenir ton Eglise afin qu\u2019elle soit toujours guid\u00e9e par ta providence \u00bb.<br \/>\nCette purification nous l\u2019attendons souvent des autres, nous trouvant pas trop mal dans notre vie quotidienne. Mais alors que la poutre est dans notre \u0153il, nous faisons semblant de ne pas la voir, alors que nous sommes prompt \u00e0 v\u00e9rifier si l\u2019autre \u00e0 toujours sa paille et cette paille nous g\u00eane ! Nous sommes souvent, et moi avec, d\u2019une outrecuidance envers les autres, sans nous souvenir de ce que nous dit le Seigneur : \u00ab ce que tu ne voudrais pas que l\u2019on te fasse, ne le fais pas aux autres !<br \/>\nMais en ce dimanche, le Seigneur nous dit aussi : \u00ab je te l\u2019ordonne : l\u00e8ve-toi ! A cette invitation, combien de fois nous sommes-nous relev\u00e9s, heureux que le Seigneur soit avec nous, qu\u2019il nous pardonne et nous prenne la main ; qu\u2019il nous permette de parler pour dire combien nous l\u2019aimons et que d\u00e9sormais nous garderons dans notre c\u0153ur l\u2019invitation qu\u2019il fit \u00e0 la femme adult\u00e8re : je te pardonne, mais d\u00e9sormais va et ne p\u00e8che plus !<br \/>\nOui, mettons notre espoir dans le Seigneur J\u00e9sus, car il se penche sur nous, il entend notre appel et il met dans notre bouche un cantique nouveau, une hymne \u00e0 notre Dieu ; c\u2019est ce que nous chanteront \u00e0 l\u2019offertoire, alors que nous pr\u00e9senterons le pain et le vin qui deviendront son Corps et son Sang.<br \/>\nOui, nous sommes ce peuple de Dieu en marche, \u00e0 la rencontre du Seigneur et nous avons la vocation d\u2019\u00eatre ces guetteurs, ces marcheurs de Dieu, des marcheurs pour la vie, pour que ne s\u2019amenuise pas foi chr\u00e9tienne, que l\u2019on voudrait voire rel\u00e9guer dans nos sacristies. Mais dans une sacristie on n\u2019y reste que le temps de s\u2019habiller, de se parer pour le combat spirituel, de rev\u00eatir les ornements qui rappellent que nous prenons le monde sur nos \u00e9paules pour le porter vers Dieu, puis sortir en une procession qui nous rappelle la marche du peuple de Dieu, afin de prier, de chanter, de t\u00e9moigner que le Christ est ressuscit\u00e9 et qu\u2019il veut que tout homme et toute femme puissent le louer et t\u00e9moigner de sa vie \u00e9ternelle et enfin d\u2019en offrir le sacrifice non sanglant sur son autel et nous nourrir de son eucharistie. Comment alors ne pas ressentir ce besoin de t\u00e9moigner ?<br \/>\nCe t\u00e9moignage c\u2019est ici que vous le puiserez, pr\u00e8s du Christ et de Marie, en ce Dieu d\u2019amour trinitaire. Rendez t\u00e9moignage, soyez unis en famille, rejetez ce qui est indigne de notre vocation de baptis\u00e9s, participez \u00e0 plein temps \u00e0 tout ce que l\u2019Eglise Universelle o\u00f9 notre Eglise dioc\u00e9saine nous propose. Vous n\u2019\u00eates pas \u00e0 part dans le dioc\u00e8se de Marseille, vous y \u00eates ins\u00e9r\u00e9s et c\u2019est en t\u00e9moignant en continuant de vive de communion, comme vous le faites d\u2019ailleurs, que vous serez trouv\u00e9s dignes de l\u2019esp\u00e9rance qui est en vous.<br \/>\nSt Charles Borrom\u00e9e est un exemple pour nous tous, exemple de fid\u00e9lit\u00e9 \u00e0 l\u2019\u00e9glise, exemple d\u2019humilit\u00e9, que son blason ne cesse de nous rappeler, mais surtout d\u2019ob\u00e9issance.<br \/>\nAvec l\u2019abb\u00e9 Eloi Gillet, vous allez emprunter des voies nouvelles et moi je continuerai de vous soutenir dans la pri\u00e8re. C\u2019est cela l\u2019Eglise ! Nous ne sommes propri\u00e9taires de rien ; nous sommes des serviteurs, dans la fid\u00e9lit\u00e9 \u00e0 notre archev\u00eaque, qui une fois le devoir accompli, doivent remercier le Seigneur, car c\u2019est lui qui fait tout.<br \/>\nQue le Seigneur vous b\u00e9nisse et vous garde, afin que vous marchiez dans la joie, sous son regard d\u2019amour. Amen.<\/p>\n<p style=\"text-align: justify;\">\n<p style=\"text-align: justify;\">\n","protected":false},"excerpt":{"rendered":"<p>dimanche 21 septembre 2014. Chers Fr\u00e8res et S\u0153urs, Comment ne pas nous souvenir, il y a maintenant pr\u00e8s de 7 ans, de notre premi\u00e8re messe \u00e0 St Charles, avec le P\u00e8re Laurent Gr\u00e9goire ? Temps de questionnements et d\u2019inqui\u00e9tudes face&#8230;<br \/><a class=\"read-more-button\" href=\"http:\/\/paroisse-saint-charles.fr\/WordPress3\/2014\/09\/homelie-au-revoir-mgr-ellul\/\">Savoir plus<\/a><\/p>\n","protected":false},"author":4,"featured_media":0,"comment_status":"closed","ping_status":"open","sticky":false,"template":"","format":"standard","meta":{"footnotes":""},"categories":[2],"tags":[],"class_list":["post-341","post","type-post","status-publish","format-standard","hentry","category-vie-de-la-paroisse"],"jetpack_featured_media_url":"","_links":{"self":[{"href":"http:\/\/paroisse-saint-charles.fr\/WordPress3\/wp-json\/wp\/v2\/posts\/341","targetHints":{"allow":["GET"]}}],"collection":[{"href":"http:\/\/paroisse-saint-charles.fr\/WordPress3\/wp-json\/wp\/v2\/posts"}],"about":[{"href":"http:\/\/paroisse-saint-charles.fr\/WordPress3\/wp-json\/wp\/v2\/types\/post"}],"author":[{"embeddable":true,"href":"http:\/\/paroisse-saint-charles.fr\/WordPress3\/wp-json\/wp\/v2\/users\/4"}],"replies":[{"embeddable":true,"href":"http:\/\/paroisse-saint-charles.fr\/WordPress3\/wp-json\/wp\/v2\/comments?post=341"}],"version-history":[{"count":2,"href":"http:\/\/paroisse-saint-charles.fr\/WordPress3\/wp-json\/wp\/v2\/posts\/341\/revisions"}],"predecessor-version":[{"id":356,"href":"http:\/\/paroisse-saint-charles.fr\/WordPress3\/wp-json\/wp\/v2\/posts\/341\/revisions\/356"}],"wp:attachment":[{"href":"http:\/\/paroisse-saint-charles.fr\/WordPress3\/wp-json\/wp\/v2\/media?parent=341"}],"wp:term":[{"taxonomy":"category","embeddable":true,"href":"http:\/\/paroisse-saint-charles.fr\/WordPress3\/wp-json\/wp\/v2\/categories?post=341"},{"taxonomy":"post_tag","embeddable":true,"href":"http:\/\/paroisse-saint-charles.fr\/WordPress3\/wp-json\/wp\/v2\/tags?post=341"}],"curies":[{"name":"wp","href":"https:\/\/api.w.org\/{rel}","templated":true}]}}