{"id":9447,"date":"2021-05-24T23:09:13","date_gmt":"2021-05-24T21:09:13","guid":{"rendered":"http:\/\/paroisse-saint-charles.fr\/WordPress3\/?p=9447"},"modified":"2021-05-24T23:09:13","modified_gmt":"2021-05-24T21:09:13","slug":"annonce-du-dimanche-de-pentecote","status":"publish","type":"post","link":"http:\/\/paroisse-saint-charles.fr\/WordPress3\/2021\/05\/annonce-du-dimanche-de-pentecote\/","title":{"rendered":"Annonce du dimanche de Pentec\u00f4te"},"content":{"rendered":"<p>Chers paroissiens,<\/p>\n<p>voici les annonces de ce dimanche :<\/p>\n<ul>\n<li>lundi 24, lundi de Pentec\u00f4te, messe \u00e0 18h30 suivie de l&rsquo;adoration<\/li>\n<li>mardi 25, mardi de Pentec\u00f4te, messes \u00e0 12h15 et 18h30, mission avec le groupe Misericordia \u00e0 19h30<\/li>\n<li>mercredi 26, mercredi des quatre temps de Pentec\u00f4te, messes \u00e0 10h30 et 18h30, adoration \u00e0 9h30<\/li>\n<li>jeudi 27, jeudi de Pentec\u00f4te, messes \u00e0 12h15 et 18h30, adoration \u00e0 9h30<\/li>\n<li>vendredi 28, des quatre temps de Pentec\u00f4te, messes \u00e0 8h45 et 18h30, Heure Sainte \u00e0 15h\n<ul>\n<li>R\u00e9p\u00e9tition des servants de messe \u00e0 17h30 (pour les gar\u00e7ons en 4\u00e8me et plus). Un diner suivra la messe de 18h30 avec ceux qui le souhaitent. Merci de nous pr\u00e9venir si votre enfant y participe.<\/li>\n<\/ul>\n<\/li>\n<li>samedi 29 mai, des quatre temps de Pentec\u00f4te, messes \u00e0 8h45 et 18h30, adoration \u00e0 7h45.<\/li>\n<li>dimanche 30 mai, dimanche de la Trinit\u00e9, messes \u00e0 9h et 10h30, <a href=\"https:\/\/lamesse.app\/\">inscriptions ici<\/a>.\n<ul>\n<li><strong>notez que le dimanche 6 juin, la messe de 10h30 ne sera pas ouverte aux inscriptions, compte tenu du tr\u00e8s grand nombre de confirmands.<\/strong><\/li>\n<\/ul>\n<\/li>\n<\/ul>\n<p>&nbsp;<\/p>\n<ul>\n<li>Notez la date du jeudi 3 juin : soir\u00e9e de lancement du <a href=\"https:\/\/www.congresmission.com\/\"><strong>congr\u00e8s Mission<\/strong><\/a> \u00e0 l&rsquo;EMD (ru Joseph Biaggi) de 18h30 \u00e0 20h30. Venez nombreux partager l&rsquo;enthousiasme missionnaire et prendre part \u00e0 l&rsquo;aventure !<\/li>\n<li><a href=\"https:\/\/sites.google.com\/view\/ecolejbfouque\/accueil\">L&rsquo;\u00e9cole maternelle et primaire Jean Baptiste Fouque<\/a> ouvrira ses portes en septembre prochain. C&rsquo;est une \u00e9cole hors contrat catholique qui sera accueillie par la paroisse Saint Michel (au Camas). Elle recherche des institutrices.<\/li>\n<li>la brocante du monast\u00e8re des Soeurs Clarisses se tiendra les vendredi 28 mai (14h\/18h), samedi 29 mai (10h\/18h) et dimanche 30 mai (10h\/12h) 17 rue Wulfram Puget, 13008 Marseille.<\/li>\n<li>Nous recherchons aussi des b\u00e9n\u00e9voles pour assurer la permanence \u00e0 l&rsquo;\u00e9glise le :\n<ul>\n<li>mardi soir : 17h\/18h30<\/li>\n<li>mercredi : 13h\/15h<\/li>\n<li>Jeudi : 16h\/18h<\/li>\n<li>vendredi : 9h\/11h, 11h\/13h et 13h\/15h<\/li>\n<li>samedi : 13h\/15h<\/li>\n<\/ul>\n<\/li>\n<\/ul>\n<p>En vous assurant de nos pri\u00e8res.<\/p>\n<p>Abb\u00e9 Eloi Gillet<br \/>\nAbb\u00e9 Vincent Marie-Jeanne<br \/>\nAbb\u00e9 Cl\u00e9ment.<\/p>\n","protected":false},"excerpt":{"rendered":"<p>Chers paroissiens, voici les annonces de ce dimanche : lundi 24, lundi de Pentec\u00f4te, messe \u00e0 18h30 suivie de l&rsquo;adoration mardi 25, mardi de Pentec\u00f4te, messes \u00e0 12h15 et 18h30, mission avec le groupe Misericordia \u00e0 19h30 mercredi 26, mercredi&#8230;<br \/><a class=\"read-more-button\" href=\"http:\/\/paroisse-saint-charles.fr\/WordPress3\/2021\/05\/annonce-du-dimanche-de-pentecote\/\">Savoir plus<\/a><\/p>\n","protected":false},"author":4,"featured_media":0,"comment_status":"closed","ping_status":"closed","sticky":false,"template":"","format":"standard","meta":{"footnotes":""},"categories":[8,11],"tags":[],"class_list":["post-9447","post","type-post","status-publish","format-standard","hentry","category-homepage","category-newsletter"],"jetpack_featured_media_url":"","_links":{"self":[{"href":"http:\/\/paroisse-saint-charles.fr\/WordPress3\/wp-json\/wp\/v2\/posts\/9447","targetHints":{"allow":["GET"]}}],"collection":[{"href":"http:\/\/paroisse-saint-charles.fr\/WordPress3\/wp-json\/wp\/v2\/posts"}],"about":[{"href":"http:\/\/paroisse-saint-charles.fr\/WordPress3\/wp-json\/wp\/v2\/types\/post"}],"author":[{"embeddable":true,"href":"http:\/\/paroisse-saint-charles.fr\/WordPress3\/wp-json\/wp\/v2\/users\/4"}],"replies":[{"embeddable":true,"href":"http:\/\/paroisse-saint-charles.fr\/WordPress3\/wp-json\/wp\/v2\/comments?post=9447"}],"version-history":[{"count":1,"href":"http:\/\/paroisse-saint-charles.fr\/WordPress3\/wp-json\/wp\/v2\/posts\/9447\/revisions"}],"predecessor-version":[{"id":9448,"href":"http:\/\/paroisse-saint-charles.fr\/WordPress3\/wp-json\/wp\/v2\/posts\/9447\/revisions\/9448"}],"wp:attachment":[{"href":"http:\/\/paroisse-saint-charles.fr\/WordPress3\/wp-json\/wp\/v2\/media?parent=9447"}],"wp:term":[{"taxonomy":"category","embeddable":true,"href":"http:\/\/paroisse-saint-charles.fr\/WordPress3\/wp-json\/wp\/v2\/categories?post=9447"},{"taxonomy":"post_tag","embeddable":true,"href":"http:\/\/paroisse-saint-charles.fr\/WordPress3\/wp-json\/wp\/v2\/tags?post=9447"}],"curies":[{"name":"wp","href":"https:\/\/api.w.org\/{rel}","templated":true}]}}