{"id":9450,"date":"2021-05-30T23:48:33","date_gmt":"2021-05-30T21:48:33","guid":{"rendered":"http:\/\/paroisse-saint-charles.fr\/WordPress3\/?p=9450"},"modified":"2021-05-30T23:51:40","modified_gmt":"2021-05-30T21:51:40","slug":"annonce-du-dimanche-30-mai","status":"publish","type":"post","link":"http:\/\/paroisse-saint-charles.fr\/WordPress3\/2021\/05\/annonce-du-dimanche-30-mai\/","title":{"rendered":"Annonce du dimanche 30 mai"},"content":{"rendered":"<p>Chers paroissiens,<\/p>\n<p>voici les annonces de cette semaine :<\/p>\n<ul>\n<li>lundi 31 mai, Bienheureuse Vierge Marie Reine, messes \u00e0 8h45 et 18h30 suivie de l&rsquo;adoration.<\/li>\n<li>mardi 1er juin, Ste Ang\u00e8le Merici, messes \u00e0 8h45 et 18h30, adoration \u00e0 7h45, KT des coll\u00e9giens \u00e0 17h15, groupe Mis\u00e9ricordia \u00e0 20h.<\/li>\n<li>mercredi 2 juin, de la f\u00e9rie, messes \u00e0 10h30 et 18h30, adoration \u00e0 9h30, KT des primaires \u00e0 11h, r\u00e9p\u00e9tion de chorale des enfants \u00e0 13h, aum\u00f4nerie des lyc\u00e9ens \u00e0 19h.<\/li>\n<li>jeudi 3 juin, Saint Sacrement, messes \u00e0 8h45 et 12h15, adoration \u00e0 11h15 (pas de messe \u00e0 18h30)\n<ul>\n<li>soir\u00e9e de lancement du Congr\u00e8s Mission \u00e0 l&rsquo;EMD, de 18h30 et 20h30<\/li>\n<\/ul>\n<\/li>\n<li>vendredi 4 juin, St Fran\u00e7ois Caracciolo, 1er Vendredi du mois, messe \u00e0 18h30 suivie de l&rsquo;adoration.<\/li>\n<li>samedi 5 juin, St Boniface, messe \u00e0 18h30<\/li>\n<li>Dimanche 6 juin, solennit\u00e9 de la F\u00eate Dieu.\n<ul>\n<li>messe \u00e0 9h : vous pouvez vous <a href=\"https:\/\/lamesse.app\/\">inscrire ici<\/a>.<\/li>\n<li><strong>c\u00e9r\u00e9monie de confirmation au cours de la grand messe de 10h30<\/strong> par le vicaire g\u00e9n\u00e9ral le p\u00e8re Manzano. (Compte tenue du grand nombre de confirmands, la grand messe est r\u00e9serv\u00e9e pour les confirmands et leurs familles).<\/li>\n<\/ul>\n<\/li>\n<\/ul>\n<p>En vous assurant de nos pri\u00e8res<\/p>\n<p>Abb\u00e9 Eloi GILLET<br \/>\nAbb\u00e9 Vincent Marie-Jeanne<br \/>\nAbb\u00e9 Cl\u00e9ment.<\/p>\n","protected":false},"excerpt":{"rendered":"<p>Chers paroissiens, voici les annonces de cette semaine : lundi 31 mai, Bienheureuse Vierge Marie Reine, messes \u00e0 8h45 et 18h30 suivie de l&rsquo;adoration. mardi 1er juin, Ste Ang\u00e8le Merici, messes \u00e0 8h45 et 18h30, adoration \u00e0 7h45, KT des&#8230;<br \/><a class=\"read-more-button\" href=\"http:\/\/paroisse-saint-charles.fr\/WordPress3\/2021\/05\/annonce-du-dimanche-30-mai\/\">Savoir plus<\/a><\/p>\n","protected":false},"author":4,"featured_media":0,"comment_status":"closed","ping_status":"closed","sticky":false,"template":"","format":"standard","meta":{"footnotes":""},"categories":[8,11],"tags":[],"class_list":["post-9450","post","type-post","status-publish","format-standard","hentry","category-homepage","category-newsletter"],"jetpack_featured_media_url":"","_links":{"self":[{"href":"http:\/\/paroisse-saint-charles.fr\/WordPress3\/wp-json\/wp\/v2\/posts\/9450","targetHints":{"allow":["GET"]}}],"collection":[{"href":"http:\/\/paroisse-saint-charles.fr\/WordPress3\/wp-json\/wp\/v2\/posts"}],"about":[{"href":"http:\/\/paroisse-saint-charles.fr\/WordPress3\/wp-json\/wp\/v2\/types\/post"}],"author":[{"embeddable":true,"href":"http:\/\/paroisse-saint-charles.fr\/WordPress3\/wp-json\/wp\/v2\/users\/4"}],"replies":[{"embeddable":true,"href":"http:\/\/paroisse-saint-charles.fr\/WordPress3\/wp-json\/wp\/v2\/comments?post=9450"}],"version-history":[{"count":1,"href":"http:\/\/paroisse-saint-charles.fr\/WordPress3\/wp-json\/wp\/v2\/posts\/9450\/revisions"}],"predecessor-version":[{"id":9451,"href":"http:\/\/paroisse-saint-charles.fr\/WordPress3\/wp-json\/wp\/v2\/posts\/9450\/revisions\/9451"}],"wp:attachment":[{"href":"http:\/\/paroisse-saint-charles.fr\/WordPress3\/wp-json\/wp\/v2\/media?parent=9450"}],"wp:term":[{"taxonomy":"category","embeddable":true,"href":"http:\/\/paroisse-saint-charles.fr\/WordPress3\/wp-json\/wp\/v2\/categories?post=9450"},{"taxonomy":"post_tag","embeddable":true,"href":"http:\/\/paroisse-saint-charles.fr\/WordPress3\/wp-json\/wp\/v2\/tags?post=9450"}],"curies":[{"name":"wp","href":"https:\/\/api.w.org\/{rel}","templated":true}]}}