{"id":9456,"date":"2021-06-06T22:46:17","date_gmt":"2021-06-06T20:46:17","guid":{"rendered":"http:\/\/paroisse-saint-charles.fr\/WordPress3\/?p=9456"},"modified":"2021-06-06T22:49:28","modified_gmt":"2021-06-06T20:49:28","slug":"annonces-du-dimanche-6-juin","status":"publish","type":"post","link":"http:\/\/paroisse-saint-charles.fr\/WordPress3\/2021\/06\/annonces-du-dimanche-6-juin\/","title":{"rendered":"Annonces du dimanche 6 juin."},"content":{"rendered":"<p>Chers paroissiens,<\/p>\n<p>voici les annonces pour cette semaine :<\/p>\n<ul>\n<li>lundi 7, de la f\u00e9rie, messes \u00e0 8h45 et 18h30 suivie de l&rsquo;adoration<\/li>\n<li>mardi 8, St Maximin, messes \u00e0 8h45 et 18h30, adoration \u00e0 7h45\n<ul>\n<li>r\u00e9union de la conf\u00e9rence Saint-Vincent de Paul \u00e0 9h30<\/li>\n<\/ul>\n<\/li>\n<li>mercredi 9, de la f\u00e9rie, messes \u00e0 10h30 et 18h30, adoration \u00e0 9h30<\/li>\n<li>jeudi 10, Ste Marguerite d&rsquo;Ecosse, messes \u00e0 12h15 et 18h30, adoration \u00e0 11h15<\/li>\n<li>vendredi 11, Sacr\u00e9 Coeur, messe \u00e0 18h30, Heure Sainte \u00e0 15h\n<ul>\n<li>Messe du renouvellement du voeux des \u00e9chevins \u00e0 8h \u00e0 la basilique du Sacr\u00e9-Coeur pr\u00e9sid\u00e9e par Mgr Aveline.<\/li>\n<\/ul>\n<\/li>\n<li>Samedi 12, St Jean de St Facon, messe \u00e0 12h15, enfants adorateurs \u00e0 11h15.<\/li>\n<li>Dimanche 13, solennit\u00e9 du Sacr\u00e9-Coeur, messes \u00e0 9h et 10h30. (Il n&rsquo;est plus n\u00e9cessaire de s&rsquo;inscrire !)<\/li>\n<\/ul>\n<p>Nous sommes dans l&rsquo;action de gr\u00e2ce pour la trentaine de confirm\u00e9s de ce dimanche. Vous pouvez retrouver <a href=\"https:\/\/www.instagram.com\/saintcharlesmarseille\/\">quelques photos de la c\u00e9r\u00e9monie ici<\/a>. Merci \u00e0 tous les paroissiens qui ont bien voulu laisser la place aux familles des confirmands.<\/p>\n<p>La <strong>souscription pour les travaux de r\u00e9novation du presbyt\u00e8re est ouverte<\/strong> depuis le premier juin et se terminera le 11 juillet. Des tracts de pr\u00e9sentation du projet vous seront distribu\u00e9s les dimanches de juin et sont mis \u00e0 disposition au fond de l&rsquo;\u00e9glise. Merci d&rsquo;avance.<\/p>\n<p>En vous assurant de nos pri\u00e8res<\/p>\n<p>Abb\u00e9 Eloi Gillet<br \/>\nAbb\u00e9 Vincent Marie-Jeanne<br \/>\nAbb\u00e9 Cl\u00e9ment.<\/p>\n<p>&nbsp;<\/p>\n","protected":false},"excerpt":{"rendered":"<p>Chers paroissiens, voici les annonces pour cette semaine : lundi 7, de la f\u00e9rie, messes \u00e0 8h45 et 18h30 suivie de l&rsquo;adoration mardi 8, St Maximin, messes \u00e0 8h45 et 18h30, adoration \u00e0 7h45 r\u00e9union de la conf\u00e9rence Saint-Vincent de&#8230;<br \/><a class=\"read-more-button\" href=\"http:\/\/paroisse-saint-charles.fr\/WordPress3\/2021\/06\/annonces-du-dimanche-6-juin\/\">Savoir plus<\/a><\/p>\n","protected":false},"author":4,"featured_media":0,"comment_status":"closed","ping_status":"closed","sticky":false,"template":"","format":"standard","meta":{"footnotes":""},"categories":[8,11],"tags":[],"class_list":["post-9456","post","type-post","status-publish","format-standard","hentry","category-homepage","category-newsletter"],"jetpack_featured_media_url":"","_links":{"self":[{"href":"http:\/\/paroisse-saint-charles.fr\/WordPress3\/wp-json\/wp\/v2\/posts\/9456","targetHints":{"allow":["GET"]}}],"collection":[{"href":"http:\/\/paroisse-saint-charles.fr\/WordPress3\/wp-json\/wp\/v2\/posts"}],"about":[{"href":"http:\/\/paroisse-saint-charles.fr\/WordPress3\/wp-json\/wp\/v2\/types\/post"}],"author":[{"embeddable":true,"href":"http:\/\/paroisse-saint-charles.fr\/WordPress3\/wp-json\/wp\/v2\/users\/4"}],"replies":[{"embeddable":true,"href":"http:\/\/paroisse-saint-charles.fr\/WordPress3\/wp-json\/wp\/v2\/comments?post=9456"}],"version-history":[{"count":3,"href":"http:\/\/paroisse-saint-charles.fr\/WordPress3\/wp-json\/wp\/v2\/posts\/9456\/revisions"}],"predecessor-version":[{"id":9459,"href":"http:\/\/paroisse-saint-charles.fr\/WordPress3\/wp-json\/wp\/v2\/posts\/9456\/revisions\/9459"}],"wp:attachment":[{"href":"http:\/\/paroisse-saint-charles.fr\/WordPress3\/wp-json\/wp\/v2\/media?parent=9456"}],"wp:term":[{"taxonomy":"category","embeddable":true,"href":"http:\/\/paroisse-saint-charles.fr\/WordPress3\/wp-json\/wp\/v2\/categories?post=9456"},{"taxonomy":"post_tag","embeddable":true,"href":"http:\/\/paroisse-saint-charles.fr\/WordPress3\/wp-json\/wp\/v2\/tags?post=9456"}],"curies":[{"name":"wp","href":"https:\/\/api.w.org\/{rel}","templated":true}]}}