{"id":9460,"date":"2021-06-14T11:03:00","date_gmt":"2021-06-14T09:03:00","guid":{"rendered":"http:\/\/paroisse-saint-charles.fr\/WordPress3\/?p=9460"},"modified":"2021-06-14T11:09:48","modified_gmt":"2021-06-14T09:09:48","slug":"annonces-du-dimanche-13-juin","status":"publish","type":"post","link":"http:\/\/paroisse-saint-charles.fr\/WordPress3\/2021\/06\/annonces-du-dimanche-13-juin\/","title":{"rendered":"Annonces du dimanche 13 juin."},"content":{"rendered":"<p>Chers paroissiens,<\/p>\n<p>voici les annonces pour cette semaine :<\/p>\n<ul>\n<li>lundi 14, St Basile, messe \u00e0 18h30 suivie de l&rsquo;adoration.<\/li>\n<li>mardi 15, de la f\u00e9rie, messe \u00e0 18h30\n<ul>\n<li><strong>messe de fin de cat\u00e9chisme pour les coll\u00e9giens \u00e0 17h15.<\/strong><\/li>\n<\/ul>\n<\/li>\n<li>mercredi 16, de la f\u00e9rie, messes \u00e0 10h30 et 18h30, adoration \u00e0 9h30. (La messe de fin de cat\u00e9chisme pour les primaires sera le mercredi 23 juin).<\/li>\n<li>jeudi 17, St Gr\u00e9goire Barbarigo, messes \u00e0 12h15 et 18h30, adoration \u00e0 11h15<\/li>\n<li>vendredi 18, St Ephrem de Syrie, messe \u00e0 18h30, Heure Sainte \u00e0 15h.<\/li>\n<li>samedi 19, Ste Julienne Falconieri, messes \u00e0 12h15 et 18h30.<\/li>\n<li>Dimanche 20, 4\u00e8me dimanche apr\u00e8s la Pentec\u00f4te, messes \u00e0 9h et 10h30, v\u00eapres et Salut du Saint Sacrement \u00e0 18h.<\/li>\n<\/ul>\n<p>Merci \u00e0 tous ceux qui ont d\u00e9j\u00e0 particip\u00e9 \u00e0 la souscription pour les travaux du presbyt\u00e8re. Vous pouvez encore le faire jusqu&rsquo;au 11 juillet.<\/p>\n<p>Une <a href=\"https:\/\/desfemmesinvitent.fr\/\">invitation pour les femmes<\/a> le jeudi 24 juin de 20h \u00e0 22h est propos\u00e9e par le Mouvement Maravillas et le dioc\u00e8se de Marseille.<\/p>\n<p>En vous assurant de nos pri\u00e8res.<\/p>\n<p>Abb\u00e9 Eloi Gillet<br \/>\nAbb\u00e9 Vincent Marie-Jeanne<br \/>\nAbb\u00e9 Clement<\/p>\n","protected":false},"excerpt":{"rendered":"<p>Chers paroissiens, voici les annonces pour cette semaine : lundi 14, St Basile, messe \u00e0 18h30 suivie de l&rsquo;adoration. mardi 15, de la f\u00e9rie, messe \u00e0 18h30 messe de fin de cat\u00e9chisme pour les coll\u00e9giens \u00e0 17h15. mercredi 16, de&#8230;<br \/><a class=\"read-more-button\" href=\"http:\/\/paroisse-saint-charles.fr\/WordPress3\/2021\/06\/annonces-du-dimanche-13-juin\/\">Savoir plus<\/a><\/p>\n","protected":false},"author":4,"featured_media":0,"comment_status":"closed","ping_status":"closed","sticky":false,"template":"","format":"standard","meta":{"footnotes":""},"categories":[8,11],"tags":[],"class_list":["post-9460","post","type-post","status-publish","format-standard","hentry","category-homepage","category-newsletter"],"jetpack_featured_media_url":"","_links":{"self":[{"href":"http:\/\/paroisse-saint-charles.fr\/WordPress3\/wp-json\/wp\/v2\/posts\/9460","targetHints":{"allow":["GET"]}}],"collection":[{"href":"http:\/\/paroisse-saint-charles.fr\/WordPress3\/wp-json\/wp\/v2\/posts"}],"about":[{"href":"http:\/\/paroisse-saint-charles.fr\/WordPress3\/wp-json\/wp\/v2\/types\/post"}],"author":[{"embeddable":true,"href":"http:\/\/paroisse-saint-charles.fr\/WordPress3\/wp-json\/wp\/v2\/users\/4"}],"replies":[{"embeddable":true,"href":"http:\/\/paroisse-saint-charles.fr\/WordPress3\/wp-json\/wp\/v2\/comments?post=9460"}],"version-history":[{"count":3,"href":"http:\/\/paroisse-saint-charles.fr\/WordPress3\/wp-json\/wp\/v2\/posts\/9460\/revisions"}],"predecessor-version":[{"id":9463,"href":"http:\/\/paroisse-saint-charles.fr\/WordPress3\/wp-json\/wp\/v2\/posts\/9460\/revisions\/9463"}],"wp:attachment":[{"href":"http:\/\/paroisse-saint-charles.fr\/WordPress3\/wp-json\/wp\/v2\/media?parent=9460"}],"wp:term":[{"taxonomy":"category","embeddable":true,"href":"http:\/\/paroisse-saint-charles.fr\/WordPress3\/wp-json\/wp\/v2\/categories?post=9460"},{"taxonomy":"post_tag","embeddable":true,"href":"http:\/\/paroisse-saint-charles.fr\/WordPress3\/wp-json\/wp\/v2\/tags?post=9460"}],"curies":[{"name":"wp","href":"https:\/\/api.w.org\/{rel}","templated":true}]}}