{"id":9465,"date":"2021-06-19T20:06:26","date_gmt":"2021-06-19T18:06:26","guid":{"rendered":"http:\/\/paroisse-saint-charles.fr\/WordPress3\/?p=9465"},"modified":"2021-06-19T20:11:56","modified_gmt":"2021-06-19T18:11:56","slug":"rappel-profession-de-foi-et-ordination","status":"publish","type":"post","link":"http:\/\/paroisse-saint-charles.fr\/WordPress3\/2021\/06\/rappel-profession-de-foi-et-ordination\/","title":{"rendered":"Rappel : profession de foi et ordination"},"content":{"rendered":"<p>Chers paroissiens,<\/p>\n<p>nous vous rappelons qu&rsquo;il y aura ce dimanche la c\u00e9r\u00e9monie de profession de foi d&rsquo;une douzaine de jeunes de la paroisse au cours de la messe de 10h30.<\/p>\n<p>Par ailleurs, il y aura l&rsquo;ordination sacerdotale de Damien Escardo \u00e0 la cath\u00e9drale de la Major ce dimanche \u00e0 16h. Venez nombreux !<\/p>\n<p>L&rsquo;un des appartements situ\u00e9 au 50 rue Grignan est libre. Situ\u00e9 au 3\u00e8me \u00e9tage, cot\u00e9 rue, 37m2, lou\u00e9 500\u20ac\/mois. Si vous \u00eates int\u00e9ress\u00e9, veuillez nous contacter.<\/p>\n<p>En vous assurant de nos pri\u00e8res.<\/p>\n<p>vos pr\u00eatres.<\/p>\n","protected":false},"excerpt":{"rendered":"<p>Chers paroissiens, nous vous rappelons qu&rsquo;il y aura ce dimanche la c\u00e9r\u00e9monie de profession de foi d&rsquo;une douzaine de jeunes de la paroisse au cours de la messe de 10h30. Par ailleurs, il y aura l&rsquo;ordination sacerdotale de Damien Escardo&#8230;<br \/><a class=\"read-more-button\" href=\"http:\/\/paroisse-saint-charles.fr\/WordPress3\/2021\/06\/rappel-profession-de-foi-et-ordination\/\">Savoir plus<\/a><\/p>\n","protected":false},"author":4,"featured_media":0,"comment_status":"closed","ping_status":"closed","sticky":false,"template":"","format":"standard","meta":{"footnotes":""},"categories":[8,11],"tags":[],"class_list":["post-9465","post","type-post","status-publish","format-standard","hentry","category-homepage","category-newsletter"],"jetpack_featured_media_url":"","_links":{"self":[{"href":"http:\/\/paroisse-saint-charles.fr\/WordPress3\/wp-json\/wp\/v2\/posts\/9465","targetHints":{"allow":["GET"]}}],"collection":[{"href":"http:\/\/paroisse-saint-charles.fr\/WordPress3\/wp-json\/wp\/v2\/posts"}],"about":[{"href":"http:\/\/paroisse-saint-charles.fr\/WordPress3\/wp-json\/wp\/v2\/types\/post"}],"author":[{"embeddable":true,"href":"http:\/\/paroisse-saint-charles.fr\/WordPress3\/wp-json\/wp\/v2\/users\/4"}],"replies":[{"embeddable":true,"href":"http:\/\/paroisse-saint-charles.fr\/WordPress3\/wp-json\/wp\/v2\/comments?post=9465"}],"version-history":[{"count":3,"href":"http:\/\/paroisse-saint-charles.fr\/WordPress3\/wp-json\/wp\/v2\/posts\/9465\/revisions"}],"predecessor-version":[{"id":9468,"href":"http:\/\/paroisse-saint-charles.fr\/WordPress3\/wp-json\/wp\/v2\/posts\/9465\/revisions\/9468"}],"wp:attachment":[{"href":"http:\/\/paroisse-saint-charles.fr\/WordPress3\/wp-json\/wp\/v2\/media?parent=9465"}],"wp:term":[{"taxonomy":"category","embeddable":true,"href":"http:\/\/paroisse-saint-charles.fr\/WordPress3\/wp-json\/wp\/v2\/categories?post=9465"},{"taxonomy":"post_tag","embeddable":true,"href":"http:\/\/paroisse-saint-charles.fr\/WordPress3\/wp-json\/wp\/v2\/tags?post=9465"}],"curies":[{"name":"wp","href":"https:\/\/api.w.org\/{rel}","templated":true}]}}