{"id":9515,"date":"2021-07-26T11:55:34","date_gmt":"2021-07-26T09:55:34","guid":{"rendered":"http:\/\/paroisse-saint-charles.fr\/WordPress3\/?p=9515"},"modified":"2021-07-26T11:58:01","modified_gmt":"2021-07-26T09:58:01","slug":"annonces-du-dimanche-25-juillet","status":"publish","type":"post","link":"http:\/\/paroisse-saint-charles.fr\/WordPress3\/2021\/07\/annonces-du-dimanche-25-juillet\/","title":{"rendered":"Annonces du dimanche 25 juillet."},"content":{"rendered":"<p>Chers paroissiens,<\/p>\n<p>voici les annonces pour cette semaine :<\/p>\n<ul>\n<li>lundi 26, Ste Anne, pas de messe ni d&rsquo;adoration<\/li>\n<li>mardi 27, de la f\u00e9rie, pas de messe ni d&rsquo;adoration<\/li>\n<li>mercredi 28, Sts Nazaire et Celse, pas de messe ni d&rsquo;adoration<\/li>\n<li>jeudi 29, Ste Marthe pas de messe ni d&rsquo;adoration<\/li>\n<li>vendredi 30, de la f\u00e9rie, pas de messe ni d&rsquo;adoration<\/li>\n<li>samedi 31, St Ignace de Loyola, pas de messe ni d&rsquo;adoration<\/li>\n<li>dimanche 1er ao\u00fbt, 10\u00e8me dimanche apr\u00e8s la pentec\u00f4te, <span style=\"text-decoration: underline;\"><strong>messe chant\u00e9e \u00e0 10h.<\/strong><\/span>\n<ul>\n<li>Les renforts sont les bienvenus \u00e0 la chorale et au service de messe. (r\u00e9p\u00e9tition \u00e0 partir de 9h30).<\/li>\n<\/ul>\n<\/li>\n<\/ul>\n<p>Nous vous proposons une journ\u00e9e de je\u00fbne et de pri\u00e8res pour l&rsquo;Eglise et le Pape ce vendredi pour ceux qui le peuvent.<\/p>\n<p>Deux jeunes de la paroisse qui se marient dans 15 jours lancent cet appel : Nous cherchons 3 baby-sitters, v\u00e9hicul\u00e9es pour l\u2019une d\u2019entre elles de pr\u00e9f\u00e9rence, pour un mariage le 7 ao\u00fbt prochain \u00e0 c\u00f4t\u00e9 de Lambesc (au-dessus d\u2019Aix en Provence). R\u00e9mun\u00e9r\u00e9s 100\u20ac la soir\u00e9e chacune d\u2019entre elles. De 17h30 \u00e0 minuit. Contacter B\u00e9atrice au 06 38 74 53 04.<\/p>\n<p>En vous assurant de nos pri\u00e8res<\/p>\n<p>Abb\u00e9 Eloi Gillet<br \/>\nAbb\u00e9 Vincent Marie-Jeanne.<\/p>\n<p>&nbsp;<\/p>\n","protected":false},"excerpt":{"rendered":"<p>Chers paroissiens, voici les annonces pour cette semaine : lundi 26, Ste Anne, pas de messe ni d&rsquo;adoration mardi 27, de la f\u00e9rie, pas de messe ni d&rsquo;adoration mercredi 28, Sts Nazaire et Celse, pas de messe ni d&rsquo;adoration jeudi&#8230;<br \/><a class=\"read-more-button\" href=\"http:\/\/paroisse-saint-charles.fr\/WordPress3\/2021\/07\/annonces-du-dimanche-25-juillet\/\">Savoir plus<\/a><\/p>\n","protected":false},"author":4,"featured_media":0,"comment_status":"closed","ping_status":"closed","sticky":false,"template":"","format":"standard","meta":{"footnotes":""},"categories":[8,11],"tags":[],"class_list":["post-9515","post","type-post","status-publish","format-standard","hentry","category-homepage","category-newsletter"],"jetpack_featured_media_url":"","_links":{"self":[{"href":"http:\/\/paroisse-saint-charles.fr\/WordPress3\/wp-json\/wp\/v2\/posts\/9515","targetHints":{"allow":["GET"]}}],"collection":[{"href":"http:\/\/paroisse-saint-charles.fr\/WordPress3\/wp-json\/wp\/v2\/posts"}],"about":[{"href":"http:\/\/paroisse-saint-charles.fr\/WordPress3\/wp-json\/wp\/v2\/types\/post"}],"author":[{"embeddable":true,"href":"http:\/\/paroisse-saint-charles.fr\/WordPress3\/wp-json\/wp\/v2\/users\/4"}],"replies":[{"embeddable":true,"href":"http:\/\/paroisse-saint-charles.fr\/WordPress3\/wp-json\/wp\/v2\/comments?post=9515"}],"version-history":[{"count":1,"href":"http:\/\/paroisse-saint-charles.fr\/WordPress3\/wp-json\/wp\/v2\/posts\/9515\/revisions"}],"predecessor-version":[{"id":9516,"href":"http:\/\/paroisse-saint-charles.fr\/WordPress3\/wp-json\/wp\/v2\/posts\/9515\/revisions\/9516"}],"wp:attachment":[{"href":"http:\/\/paroisse-saint-charles.fr\/WordPress3\/wp-json\/wp\/v2\/media?parent=9515"}],"wp:term":[{"taxonomy":"category","embeddable":true,"href":"http:\/\/paroisse-saint-charles.fr\/WordPress3\/wp-json\/wp\/v2\/categories?post=9515"},{"taxonomy":"post_tag","embeddable":true,"href":"http:\/\/paroisse-saint-charles.fr\/WordPress3\/wp-json\/wp\/v2\/tags?post=9515"}],"curies":[{"name":"wp","href":"https:\/\/api.w.org\/{rel}","templated":true}]}}