{"id":9992,"date":"2023-01-16T00:28:26","date_gmt":"2023-01-15T23:28:26","guid":{"rendered":"http:\/\/paroisse-saint-charles.fr\/WordPress3\/?p=9992"},"modified":"2023-01-16T00:33:08","modified_gmt":"2023-01-15T23:33:08","slug":"annonces-du-dimanche-15-janvier","status":"publish","type":"post","link":"http:\/\/paroisse-saint-charles.fr\/WordPress3\/2023\/01\/annonces-du-dimanche-15-janvier\/","title":{"rendered":"Annonces du dimanche 15 janvier"},"content":{"rendered":"<p>Chers paroissiens,<\/p>\n<p>voici les annonces pour cette semaine :<\/p>\n<ul>\n<li>lundi 16, St marcel 1er, messe \u00e0 18h30 suivie de l&rsquo;adoration.<\/li>\n<li>mardi 17, St Antoine, messes \u00e0 9h et 18h30, adoration \u00e0 8h.<\/li>\n<li>mercredi 18, de la f\u00e9rie, messes \u00e0 10h30 et 18h30, adoration \u00e0 9h30<\/li>\n<li>jeudi 19, de la f\u00e9rie, messe \u00e0 18h30, adoration \u00e0 11h30.\n<ul>\n<li><span style=\"text-decoration: underline;\">Messe de rentr\u00e9e du Tribunal de Commerce<\/span> \u00e0 9h30 c\u00e9l\u00e9br\u00e9e par le Vicaire g\u00e9n\u00e9ral.<\/li>\n<li>Conf\u00e9rence de Ronan Archier \u00e0 20h (passez par le portail du 17 rue Breteuil) sur le th\u00e8me \u00ab\u00a0comment bien agir au quotidien\u00a0\u00bb<\/li>\n<\/ul>\n<\/li>\n<li>vendredi 20, st Fabien et St Sebastien, messes \u00e0 7h15 et 18h30, Heure Sainte \u00e0 15h, <strong>chapelet m\u00e9dit\u00e9 \u00e0 12h30<\/strong>.<\/li>\n<li>samedi 21, St Agn\u00e8s, messes \u00e0 12h15 et 18h30, adoration \u00e0 8h30.<\/li>\n<li>Dimanche 22, 3\u00e8me dimanche apr\u00e8s l&rsquo;Epiphanie, messes \u00e0 9h et 10h30, pas de v\u00eapres \u00e0 18h.<\/li>\n<\/ul>\n<p>Ce lundi 16, 2\u00e8me soir\u00e9e de l&rsquo;universit\u00e9 pour la Vie propos\u00e9e par Alliance Vita sur le th\u00e8me \u00ab Vivre en r\u00e9alit\u00e9 \u00bb, au Centre Cormier et \u00e0 la Paroisse des Chartreux.\u00a0 <a href=\"https:\/\/www.alliancevita.org\/universite-de-la-vie\/inscriptions\/\">Inscriptions<\/a><\/p>\n<p>Notez le vendredi 27 janvier, \u00e0 20h au Centre Mistral une conf\u00e9rence du Dr Hubert Tesson sur \u00ab\u00a0la fin de vie en question\u00a0\u00bb.<\/p>\n<p>Le planning du panier du cur\u00e9 a \u00e9t\u00e9 mis \u00e0 jour. Merci encore pour cette aide tr\u00e8s pr\u00e9cieuse !<\/p>\n<p>Nous recherchons toujours des b\u00e9n\u00e9voles pour les permanences du lundi apr\u00e8s midi, mercredi (13h\/15h), vendredi (11h\/13h) et samedi apr\u00e8s midi.<\/p>\n<p>Il est encore possible de rejoindre le parcours Exodus. Il reste <a href=\"https:\/\/chat.whatsapp.com\/BccmPcCQ62jC7lfcojzzkS\">quelques places dans le troisi\u00e8me groupe<\/a>.<\/p>\n<p>Il existe un parcours similaire pour les femmes appel\u00e9 Magnify 90. Vous trouverez les <a href=\"https:\/\/drive.google.com\/drive\/folders\/12BKzSF6OeUG2tX6bCtqVJqug1Ep-Kd-H?usp=sharing\">textes propos\u00e9s \u00e0 la m\u00e9ditation ici<\/a>.<\/p>\n<p>En vous assurant de nos pri\u00e8res<\/p>\n<p>Abb\u00e9 Eloi Gillet<br \/>\nAbb\u00e9 Vincent Marie-Jeanne<br \/>\nAbb\u00e9 Paul.<\/p>\n<p>&nbsp;<\/p>\n<p>&nbsp;<\/p>\n<p>&nbsp;<\/p>\n<p>&nbsp;<\/p>\n<p>&nbsp;<\/p>\n<p>&nbsp;<\/p>\n<p>&nbsp;<\/p>\n","protected":false},"excerpt":{"rendered":"<p>Chers paroissiens, voici les annonces pour cette semaine : lundi 16, St marcel 1er, messe \u00e0 18h30 suivie de l&rsquo;adoration. mardi 17, St Antoine, messes \u00e0 9h et 18h30, adoration \u00e0 8h. mercredi 18, de la f\u00e9rie, messes \u00e0 10h30&#8230;<br \/><a class=\"read-more-button\" href=\"http:\/\/paroisse-saint-charles.fr\/WordPress3\/2023\/01\/annonces-du-dimanche-15-janvier\/\">Savoir plus<\/a><\/p>\n","protected":false},"author":4,"featured_media":0,"comment_status":"closed","ping_status":"closed","sticky":false,"template":"","format":"standard","meta":{"footnotes":""},"categories":[8,11],"tags":[],"class_list":["post-9992","post","type-post","status-publish","format-standard","hentry","category-homepage","category-newsletter"],"jetpack_featured_media_url":"","_links":{"self":[{"href":"http:\/\/paroisse-saint-charles.fr\/WordPress3\/wp-json\/wp\/v2\/posts\/9992","targetHints":{"allow":["GET"]}}],"collection":[{"href":"http:\/\/paroisse-saint-charles.fr\/WordPress3\/wp-json\/wp\/v2\/posts"}],"about":[{"href":"http:\/\/paroisse-saint-charles.fr\/WordPress3\/wp-json\/wp\/v2\/types\/post"}],"author":[{"embeddable":true,"href":"http:\/\/paroisse-saint-charles.fr\/WordPress3\/wp-json\/wp\/v2\/users\/4"}],"replies":[{"embeddable":true,"href":"http:\/\/paroisse-saint-charles.fr\/WordPress3\/wp-json\/wp\/v2\/comments?post=9992"}],"version-history":[{"count":3,"href":"http:\/\/paroisse-saint-charles.fr\/WordPress3\/wp-json\/wp\/v2\/posts\/9992\/revisions"}],"predecessor-version":[{"id":9995,"href":"http:\/\/paroisse-saint-charles.fr\/WordPress3\/wp-json\/wp\/v2\/posts\/9992\/revisions\/9995"}],"wp:attachment":[{"href":"http:\/\/paroisse-saint-charles.fr\/WordPress3\/wp-json\/wp\/v2\/media?parent=9992"}],"wp:term":[{"taxonomy":"category","embeddable":true,"href":"http:\/\/paroisse-saint-charles.fr\/WordPress3\/wp-json\/wp\/v2\/categories?post=9992"},{"taxonomy":"post_tag","embeddable":true,"href":"http:\/\/paroisse-saint-charles.fr\/WordPress3\/wp-json\/wp\/v2\/tags?post=9992"}],"curies":[{"name":"wp","href":"https:\/\/api.w.org\/{rel}","templated":true}]}}