{"id":9997,"date":"2023-01-18T23:22:59","date_gmt":"2023-01-18T22:22:59","guid":{"rendered":"http:\/\/paroisse-saint-charles.fr\/WordPress3\/?p=9997"},"modified":"2023-01-18T23:22:59","modified_gmt":"2023-01-18T22:22:59","slug":"faire-part-de-deces-4","status":"publish","type":"post","link":"http:\/\/paroisse-saint-charles.fr\/WordPress3\/2023\/01\/faire-part-de-deces-4\/","title":{"rendered":"Faire-part de d\u00e9c\u00e8s."},"content":{"rendered":"<p>Chers paroissiens,<\/p>\n<p>nous avons la tristesse de vous faire part du rappel \u00e0 Dieu de madame Florence Valadier ce mardi soir.<\/p>\n<p>Ces obs\u00e8ques seront c\u00e9l\u00e9br\u00e9es ce samedi \u00e0 11h \u00e0 l&rsquo;\u00e9glise Saint Pie X (Mission de France) rue Tapis Vert \u00e0 Marseille.<\/p>\n<p>Nous assurons la famille de nos pri\u00e8res.<\/p>\n<p>Requiescat in pace.<\/p>\n","protected":false},"excerpt":{"rendered":"<p>Chers paroissiens, nous avons la tristesse de vous faire part du rappel \u00e0 Dieu de madame Florence Valadier ce mardi soir. Ces obs\u00e8ques seront c\u00e9l\u00e9br\u00e9es ce samedi \u00e0 11h \u00e0 l&rsquo;\u00e9glise Saint Pie X (Mission de France) rue Tapis Vert&#8230;<br \/><a class=\"read-more-button\" href=\"http:\/\/paroisse-saint-charles.fr\/WordPress3\/2023\/01\/faire-part-de-deces-4\/\">Savoir plus<\/a><\/p>\n","protected":false},"author":4,"featured_media":0,"comment_status":"closed","ping_status":"closed","sticky":false,"template":"","format":"standard","meta":{"footnotes":""},"categories":[3,8,2],"tags":[],"class_list":["post-9997","post","type-post","status-publish","format-standard","hentry","category-actualite-du-diocese","category-homepage","category-vie-de-la-paroisse"],"jetpack_featured_media_url":"","_links":{"self":[{"href":"http:\/\/paroisse-saint-charles.fr\/WordPress3\/wp-json\/wp\/v2\/posts\/9997","targetHints":{"allow":["GET"]}}],"collection":[{"href":"http:\/\/paroisse-saint-charles.fr\/WordPress3\/wp-json\/wp\/v2\/posts"}],"about":[{"href":"http:\/\/paroisse-saint-charles.fr\/WordPress3\/wp-json\/wp\/v2\/types\/post"}],"author":[{"embeddable":true,"href":"http:\/\/paroisse-saint-charles.fr\/WordPress3\/wp-json\/wp\/v2\/users\/4"}],"replies":[{"embeddable":true,"href":"http:\/\/paroisse-saint-charles.fr\/WordPress3\/wp-json\/wp\/v2\/comments?post=9997"}],"version-history":[{"count":1,"href":"http:\/\/paroisse-saint-charles.fr\/WordPress3\/wp-json\/wp\/v2\/posts\/9997\/revisions"}],"predecessor-version":[{"id":9998,"href":"http:\/\/paroisse-saint-charles.fr\/WordPress3\/wp-json\/wp\/v2\/posts\/9997\/revisions\/9998"}],"wp:attachment":[{"href":"http:\/\/paroisse-saint-charles.fr\/WordPress3\/wp-json\/wp\/v2\/media?parent=9997"}],"wp:term":[{"taxonomy":"category","embeddable":true,"href":"http:\/\/paroisse-saint-charles.fr\/WordPress3\/wp-json\/wp\/v2\/categories?post=9997"},{"taxonomy":"post_tag","embeddable":true,"href":"http:\/\/paroisse-saint-charles.fr\/WordPress3\/wp-json\/wp\/v2\/tags?post=9997"}],"curies":[{"name":"wp","href":"https:\/\/api.w.org\/{rel}","templated":true}]}}