{"id":9999,"date":"2023-01-23T12:57:38","date_gmt":"2023-01-23T11:57:38","guid":{"rendered":"http:\/\/paroisse-saint-charles.fr\/WordPress3\/?p=9999"},"modified":"2023-01-23T12:57:38","modified_gmt":"2023-01-23T11:57:38","slug":"annonces-du-dimanche-22-janvier","status":"publish","type":"post","link":"http:\/\/paroisse-saint-charles.fr\/WordPress3\/2023\/01\/annonces-du-dimanche-22-janvier\/","title":{"rendered":"Annonces du dimanche 22 janvier"},"content":{"rendered":"<p>Chers paroissiens,<\/p>\n<p>voici les annonces de ce dimanche :<\/p>\n<ul>\n<li>lundi 23, St Raymond de Penafort, messe \u00e0 18h30 suivie de l&rsquo;adoration\n<ul>\n<li>3\u00e8me soir\u00e9e de l&rsquo;Universit\u00e9 de la Vie. <a href=\"https:\/\/www.alliancevita.org\/universite-de-la-vie\/inscriptions\/\">Inscriptions<\/a>.<\/li>\n<\/ul>\n<\/li>\n<li>mardi 24, St Timoth\u00e9e, messe \u00e0 18h30 (pas de messe ni d&rsquo;adoration le matin)<\/li>\n<li>mercredi 25, conversion de St Paul, messes \u00e0 10h30 et 18h30, adoration \u00e0 9h30, fin de la semaine de pri\u00e8re pour l&rsquo;unit\u00e9 des chr\u00e9tiens.<\/li>\n<li>jeudi 26, St Polycarpe, messes \u00e0 12h15 et 18h30, adoration \u00e0 11h15\n<ul>\n<li><strong>caf\u00e9-cat\u00e9 des mamans<\/strong> \u00e0 partir de 9h, jusqu&rsquo;\u00e0 10h30, une garderie est propos\u00e9e.<\/li>\n<li><strong>Conf\u00e9rence de philosophie morale<\/strong> selon St Thomas d&rsquo;Aquin par Ronan Archier \u00e0 20h15. Acc\u00e8s par le portail vert du 17 rue Breteuil.<\/li>\n<\/ul>\n<\/li>\n<li>vendredi 27, St Jean Chrysostome, messes \u00e0 7h15 et 18h30, Heure Sainte \u00e0 15h<\/li>\n<li>samedi 28, St Pierre Nolasque, messes \u00e0 12h15 et 18h30, adoration \u00e0 8h30.<\/li>\n<li>Dimanche 29, 4\u00e8me dimanche apr\u00e8s l&rsquo;Epiphanie, messes \u00e0 9h et 10h30 (chant\u00e9e par la Maitr\u00eese Saint Charles), v\u00eapres et Salut \u00e0 18h.\n<ul>\n<li>qu\u00eate de l&rsquo;Ordre de Malte pour les l\u00e9preux.<\/li>\n<\/ul>\n<\/li>\n<\/ul>\n<p>Le mardi 31 janvier, nous <strong>recevrons les pr\u00eatres et les diacres de notre doyenn\u00e9<\/strong>. Nous recherchons deux ou trois personnes pour pr\u00e9parer et servir le repas. Les frais sont \u00e9videment pris en charge par la paroisse. Si vous \u00eates volontaire, merci de contacter l&rsquo;abb\u00e9 Gillet (06 74 65 73 51). Merci beaucoup.<\/p>\n<p>En vous assurant de nos pri\u00e8res<\/p>\n<p>Abb\u00e9 Eloi Gillet<br \/>\nAbb\u00e9 Vincent Marie-Jeanne<br \/>\nAbb\u00e9 Paul<\/p>\n<p>&nbsp;<\/p>\n","protected":false},"excerpt":{"rendered":"<p>Chers paroissiens, voici les annonces de ce dimanche : lundi 23, St Raymond de Penafort, messe \u00e0 18h30 suivie de l&rsquo;adoration 3\u00e8me soir\u00e9e de l&rsquo;Universit\u00e9 de la Vie. Inscriptions. mardi 24, St Timoth\u00e9e, messe \u00e0 18h30 (pas de messe ni&#8230;<br \/><a class=\"read-more-button\" href=\"http:\/\/paroisse-saint-charles.fr\/WordPress3\/2023\/01\/annonces-du-dimanche-22-janvier\/\">Savoir plus<\/a><\/p>\n","protected":false},"author":4,"featured_media":0,"comment_status":"closed","ping_status":"closed","sticky":false,"template":"","format":"standard","meta":{"footnotes":""},"categories":[8,11],"tags":[],"class_list":["post-9999","post","type-post","status-publish","format-standard","hentry","category-homepage","category-newsletter"],"jetpack_featured_media_url":"","_links":{"self":[{"href":"http:\/\/paroisse-saint-charles.fr\/WordPress3\/wp-json\/wp\/v2\/posts\/9999","targetHints":{"allow":["GET"]}}],"collection":[{"href":"http:\/\/paroisse-saint-charles.fr\/WordPress3\/wp-json\/wp\/v2\/posts"}],"about":[{"href":"http:\/\/paroisse-saint-charles.fr\/WordPress3\/wp-json\/wp\/v2\/types\/post"}],"author":[{"embeddable":true,"href":"http:\/\/paroisse-saint-charles.fr\/WordPress3\/wp-json\/wp\/v2\/users\/4"}],"replies":[{"embeddable":true,"href":"http:\/\/paroisse-saint-charles.fr\/WordPress3\/wp-json\/wp\/v2\/comments?post=9999"}],"version-history":[{"count":2,"href":"http:\/\/paroisse-saint-charles.fr\/WordPress3\/wp-json\/wp\/v2\/posts\/9999\/revisions"}],"predecessor-version":[{"id":10001,"href":"http:\/\/paroisse-saint-charles.fr\/WordPress3\/wp-json\/wp\/v2\/posts\/9999\/revisions\/10001"}],"wp:attachment":[{"href":"http:\/\/paroisse-saint-charles.fr\/WordPress3\/wp-json\/wp\/v2\/media?parent=9999"}],"wp:term":[{"taxonomy":"category","embeddable":true,"href":"http:\/\/paroisse-saint-charles.fr\/WordPress3\/wp-json\/wp\/v2\/categories?post=9999"},{"taxonomy":"post_tag","embeddable":true,"href":"http:\/\/paroisse-saint-charles.fr\/WordPress3\/wp-json\/wp\/v2\/tags?post=9999"}],"curies":[{"name":"wp","href":"https:\/\/api.w.org\/{rel}","templated":true}]}}