{"id":10407,"date":"2024-05-05T23:46:13","date_gmt":"2024-05-05T21:46:13","guid":{"rendered":"http:\/\/paroisse-saint-charles.fr\/WordPress3\/?p=10407"},"modified":"2024-05-05T23:48:30","modified_gmt":"2024-05-05T21:48:30","slug":"annonces-du-dimanche-5-mai","status":"publish","type":"post","link":"https:\/\/paroisse-saint-charles.fr\/WordPress3\/2024\/05\/annonces-du-dimanche-5-mai\/","title":{"rendered":"Annonces du dimanche 5 mai"},"content":{"rendered":"<p>Chers paroissiens,<\/p>\n<p>voici les annonces de cette semaine :<\/p>\n<ul>\n<li>lundi 6, de la f\u00e9rie, messe \u00e0 18h30 suivie de l&rsquo;adoration<\/li>\n<li>mardi 7, St Stanislas, messes \u00e0 9h et 18h30, adoration \u00e0 8h, Groupe Spes Mis\u00e9ricordia \u00e0 20h<\/li>\n<li>mercredi 8, vigile de l&rsquo;Ascension, messe \u00e0 10h30, adoration \u00e0 9h30<\/li>\n<li>jeudi 9, <strong>Ascension, messes \u00e0 9h et 10h30<\/strong>, v\u00eapres \u00e0 18h\n<ul>\n<li>Prenez note du <a href=\"https:\/\/www.marseille.fr\/jeux-2024\/actualites\/le-9-mai-la-flamme-entame-son-relais-dans-toute-la-ville\">trajet de la flamme olympique<\/a> qui va perturber un peu <a href=\"https:\/\/www.marseille.fr\/jeux-2024\/actualites\/flamme-olympique-acces\">le trafic aux abords de Saint-Charles<\/a>.<\/li>\n<\/ul>\n<\/li>\n<li>vendredi 10, St Antonin, messe \u00e0 18h30, Heure Sainte \u00e0 15h<\/li>\n<li>samedi 11, St Philippe et St Jacques, messe \u00e0 12h15, adoration \u00e0 8h30.<\/li>\n<li>Dimanche 12, solennit\u00e9 de Ste Jeanne d&rsquo;Arc, messes \u00e0 9h et 10h30, v\u00eapres et salut \u00e0 18h<\/li>\n<\/ul>\n<p>L&rsquo;<a href=\"https:\/\/www.magdalena.fr\/page\/1184615-accueil\">association Magdalena 13<\/a> vous invite a rejoindre les b\u00e9n\u00e9voles tous les mercredis pour aller \u00e0 la rencontre des personnes en situation de prostitution. RDV \u00e0 la crypte de l&rsquo;\u00e9glise St Vincent de Paul &#8211; les R\u00e9form\u00e9s, de 20h \u00e0 22h. Contacter Domitille 06 95 15 73 32.<\/p>\n<p>Notez les ateliers propos\u00e9s par l&rsquo;association <em>Com&rsquo;je t&rsquo;aime<\/em> le samedi 25 mai \u00e0 Saint-Charles de 10h \u00e0 12h. Information ci-dessous.<\/p>\n<p>En vous assurant de nos pri\u00e8res<\/p>\n<p>Abb\u00e9 Eloi Gillet<br \/>\nAbb\u00e9 Vincent Marie-Jeanne<br \/>\nAbb\u00e9 Henri et abb\u00e9 Alban.<\/p>\n<p>&nbsp;<\/p>\n<blockquote>\n<div dir=\"auto\">\n<div>\n<div>\n<div id=\"m_-9168771682388417440gmail-:2bn\">\n<div id=\"m_-9168771682388417440gmail-:2dq\">\n<div class=\"gmail-adL\">\n<blockquote><p><b><span style=\"font-family: Georgia, Helvetica, Arial, sans-serif;\">Deux ateliers d\u2019\u00e9ducation\u00a0affective (selon la p\u00e9dagogie\u00a0\u00ab\u00a0Com\u2019 je t\u2019aime\u00a0\u00bb) auront lieu sur Marseille \u00e0 la paroisse Saint Charles le samedi 25 Mai de 10h \u00e0 12h:<\/span><u><span dir=\"ltr\"><br \/>\n<\/span>-un atelier pour les filles de CM2\/6\u00e8me<br \/>\n-un atelier pour les gar\u00e7ons de CM2\/6\u00e8me.<\/u><\/b><\/p><\/blockquote>\n<blockquote>\n<div dir=\"auto\">\n<div>\n<div>\n<div id=\"m_-9168771682388417440gmail-:2bn\">\n<div id=\"m_-9168771682388417440gmail-:2dq\">\n<div><span style=\"font-family: Georgia, Helvetica, Arial, sans-serif;\">Ces interventions ont pour but\u00a0d\u2019apporter\u00a0une parole belle et rassurante sur l\u2019amour et la\u00a0sexualit\u00e9, langage du corps pour exprimer l&rsquo;amour. De plus en plus, nos enfants sont expos\u00e9s \u00e0 des images ou des paroles qui ne respectent pas du tout le corps et la sexualit\u00e9.\u00a0<\/span><span style=\"font-family: Georgia, Helvetica, Arial, sans-serif;\">A travers ces ateliers nous leur expliquons que ce qui touche \u00e0 leur corps touche \u00e0 leur\u00a0c\u0153ur, et qu\u2019ils doivent le prot\u00e9ger\u00a0comme un bien pr\u00e9cieux. Voyez le teaser de l\u2019Atelier ici :\u00a0<\/span><a href=\"https:\/\/0276j.mjt.lu\/lnk\/AMYAACiP6rwAAcwHZyYAAAf2ApUAAAAAJHkAABxwABv4AQBlKX55DKAne6JJSd-c9YO_gvJk2wAHBPw\/3\/LWu1ONjJVVnpjo-NM52JDg\/aHR0cHM6Ly93d3cueW91dHViZS5jb20vd2F0Y2g_dj1KTHNsckRZSzBScyZmZWF0dXJlPXlvdXR1LmJl\" target=\"_blank\" rel=\"noopener\"><u>https:\/\/youtu.be\/JLslrDYK0Rs<\/u><\/a><\/div>\n<p>Un atelier dure 2 heures\/\u00a0<span dir=\"ltr\">2h15<\/span>, pour une quinzaine d&rsquo;enfants (gar\u00e7ons et filles \u00e9tant s\u00e9par\u00e9s).<\/p>\n<p><u>Au programme\u00a0<\/u>:<\/p>\n<p><b>Qu\u2019est-ce qu\u2019une personne ?<\/b><\/p>\n<ul>\n<li>Ses 3 dimensions : corps, esprit, c\u0153ur<\/li>\n<li>Les liens entre ces trois dimensions, le respect du corps<\/li>\n<li>La place de la volont\u00e9 pour \u00eatre heureux<\/li>\n<\/ul>\n<p><b>L\u2019alt\u00e9rit\u00e9 sexuelle<\/b><\/p>\n<ul>\n<li>La pubert\u00e9, les transformations du corps<\/li>\n<li>F\u00e9condit\u00e9<\/li>\n<li>Sens de la sexualit\u00e9, don de la vie<\/li>\n<\/ul>\n<p><b>Des propositions concr\u00e8tes<\/b><\/p>\n<ul>\n<li>Comment bien grandir aujourd&rsquo;hui pour bien \u00ab\u00a0aimer\u00a0\u00bb plus tard<\/li>\n<li>L&rsquo;amiti\u00e9 socle de l&rsquo;amour<\/li>\n<\/ul>\n<p><span style=\"font-family: Georgia, Helvetica, Arial, sans-serif;\">Voici le lien HelloAsso pour vous inscrire:<br \/>\n&#8211; <\/span><span style=\"font-family: Georgia, Helvetica, Arial, sans-serif;\">Pour les gar\u00e7ons:\u00a0<\/span><a href=\"https:\/\/www.helloasso.com\/associations\/com-je-t-aime\/evenements\/atelier-comprendre-et-respecter-son-corps-garcons-de-cm2-6e-a-marseille\">https:\/\/www.helloasso.com\/associations\/com-je-t-aime\/evenements\/atelier-comprendre-et-respecter-son-corps-garcons-de-cm2-6e-a-marseille<\/a><br \/>\n&#8211; Pour les filles: <a href=\"https:\/\/www.helloasso.com\/associations\/com-je-t-aime\/evenements\/atelier-comprendre-et-respecter-son-corps-filles-de-cm2-6e-a-marseille\">https:\/\/www.helloasso.com\/associations\/com-je-t-aime\/evenements\/atelier-comprendre-et-respecter-son-corps-filles-de-cm2-6e-a-marseille<\/a><\/p>\n<p><b><u>NB\u00a0<\/u><\/b>: La p\u00e9dagogie est pr\u00e9vue pour les enfants, \u00a0mais les parents sont les bienvenus, car entendre la p\u00e9dagogie ensemble permet l\u2019ouverture d\u2019un dialogue dans ce domaine parfois difficile \u00e0 aborder. C\u2019est en fonction de ce que chacun pr\u00e9f\u00e8re. Pour toutes questions ou inscriptions, n&rsquo;h\u00e9sitez pas \u00e0 contacter H\u00e9l\u00e8ne Combot, intervenante de l\u2019Association CJTA (<span dir=\"ltr\">06.22.64.18.76<\/span>).<br \/>\nDans l&rsquo;attente de la joie de vous rencontrer,<\/p>\n<p><span style=\"font-family: Georgia, Helvetica, Arial, sans-serif;\">St\u00e9phanie Voiry et H\u00e9l\u00e8ne Combot<\/span><\/p>\n<\/div>\n<\/div>\n<\/div>\n<\/div>\n<\/div>\n<\/blockquote>\n<\/div>\n<\/div>\n<\/div>\n<\/div>\n<\/div>\n<\/div>\n<\/blockquote>\n","protected":false},"excerpt":{"rendered":"<p>Chers paroissiens, voici les annonces de cette semaine : lundi 6, de la f\u00e9rie, messe \u00e0 18h30 suivie de l&rsquo;adoration mardi 7, St Stanislas, messes \u00e0 9h et 18h30, adoration \u00e0 8h, Groupe Spes Mis\u00e9ricordia \u00e0 20h mercredi 8, vigile&#8230;<br \/><a class=\"read-more-button\" href=\"https:\/\/paroisse-saint-charles.fr\/WordPress3\/2024\/05\/annonces-du-dimanche-5-mai\/\">Savoir plus<\/a><\/p>\n","protected":false},"author":4,"featured_media":0,"comment_status":"closed","ping_status":"closed","sticky":false,"template":"","format":"standard","meta":{"footnotes":""},"categories":[8,11],"tags":[],"class_list":["post-10407","post","type-post","status-publish","format-standard","hentry","category-homepage","category-newsletter"],"jetpack_featured_media_url":"","_links":{"self":[{"href":"https:\/\/paroisse-saint-charles.fr\/WordPress3\/wp-json\/wp\/v2\/posts\/10407","targetHints":{"allow":["GET"]}}],"collection":[{"href":"https:\/\/paroisse-saint-charles.fr\/WordPress3\/wp-json\/wp\/v2\/posts"}],"about":[{"href":"https:\/\/paroisse-saint-charles.fr\/WordPress3\/wp-json\/wp\/v2\/types\/post"}],"author":[{"embeddable":true,"href":"https:\/\/paroisse-saint-charles.fr\/WordPress3\/wp-json\/wp\/v2\/users\/4"}],"replies":[{"embeddable":true,"href":"https:\/\/paroisse-saint-charles.fr\/WordPress3\/wp-json\/wp\/v2\/comments?post=10407"}],"version-history":[{"count":1,"href":"https:\/\/paroisse-saint-charles.fr\/WordPress3\/wp-json\/wp\/v2\/posts\/10407\/revisions"}],"predecessor-version":[{"id":10408,"href":"https:\/\/paroisse-saint-charles.fr\/WordPress3\/wp-json\/wp\/v2\/posts\/10407\/revisions\/10408"}],"wp:attachment":[{"href":"https:\/\/paroisse-saint-charles.fr\/WordPress3\/wp-json\/wp\/v2\/media?parent=10407"}],"wp:term":[{"taxonomy":"category","embeddable":true,"href":"https:\/\/paroisse-saint-charles.fr\/WordPress3\/wp-json\/wp\/v2\/categories?post=10407"},{"taxonomy":"post_tag","embeddable":true,"href":"https:\/\/paroisse-saint-charles.fr\/WordPress3\/wp-json\/wp\/v2\/tags?post=10407"}],"curies":[{"name":"wp","href":"https:\/\/api.w.org\/{rel}","templated":true}]}}