{"id":10798,"date":"2025-05-05T10:59:04","date_gmt":"2025-05-05T08:59:04","guid":{"rendered":"http:\/\/paroisse-saint-charles.fr\/WordPress3\/?p=10798"},"modified":"2025-05-05T10:59:31","modified_gmt":"2025-05-05T08:59:31","slug":"annonces-du-dimanche-4-mai","status":"publish","type":"post","link":"https:\/\/paroisse-saint-charles.fr\/WordPress3\/2025\/05\/annonces-du-dimanche-4-mai\/","title":{"rendered":"Annonces du dimanche 4 mai"},"content":{"rendered":"<p>Chers paroissiens,<\/p>\n<p>voici les annonces pour cette semaine :<\/p>\n<ul>\n<li>lundi 5 mai, St Pie V, messe \u00e0 18h30 suivie de l&rsquo;adoration<\/li>\n<li>mardi 6, d\u00e9dicace de la cath\u00e9drale de la Major, messes \u00e0 9h et 18h30, adoration \u00e0 8h\n<ul>\n<li>messe dioc\u00e9saine \u00e0 NDG \u00e0 18h30 pour prier pour les cardinaux.<\/li>\n<\/ul>\n<\/li>\n<li>mercredi 7, St Stanislas, messes \u00e0 10h30 et 18h30, adoration \u00e0 9h30\n<ul>\n<li>messe dioc\u00e9saine \u00e0 la cath\u00e9drale de la Major \u00e0 12h30 pour prier pour les cardinaux<\/li>\n<\/ul>\n<\/li>\n<li>jeudi 8 mai, de la f\u00e9rie, messe \u00e0 18h30, pas de messe \u00e0 12h15 ni d&rsquo;adoration.\n<ul>\n<li><strong>20\u00e8 anniversaire de la Soci\u00e9t\u00e9 des Missionnaires de la Mis\u00e9ricorde Divine<\/strong> : messe \u00e0 la paroisse St-Fran\u00e7ois-de-Paule \u00e0 Toulon \u00e0 10h suivie d&rsquo;un ap\u00e9ritif sur la place. Nous recherchons une place dans une voiture. Contacter l&rsquo;abb\u00e9 Gillet (06 74 65 73 51).<\/li>\n<\/ul>\n<\/li>\n<li>vendredi 9 mai, St Gr\u00e9goire de Naziance, messes \u00e0 7h15 et 18h30.\n<ul>\n<li><span style=\"text-decoration: underline;\"><strong>Concert marial de Patrice Martineau \u00e0 20h (entr\u00e9e libre) \u00e0 Saint-Charle<\/strong><\/span>s, r\u00e9servation au 06 68 80 38 28.<\/li>\n<li>Nous recherchons un logement (deux chambres, si possible en centre-ville) jeudi soir et vendredi soir pour loger le chanteur et sont producteur. Contacter l&rsquo;abb\u00e9 Gillet (06 74 65 73 51).<\/li>\n<\/ul>\n<\/li>\n<li>samedi 10 mai, St Antonin, messe \u00e0 18h30, adoration \u00e0 8h30.\n<ul>\n<li><strong>kermesse de l\u2019\u00e9cole\/coll\u00e8ge Bx Abb\u00e9 Fouque<\/strong> de 11h30 \u00e0 18h30 (buvette, stand restauration, jeux, animations, tombola) au 14 rue Elemir Bourge (4\u00e8). <a href=\"https:\/\/www.credofunding.fr\/fr\/abbefouque\">Petite vid\u00e9o de pr\u00e9sentation<\/a> !<\/li>\n<li><strong>randonn\u00e9e pagnolesque paroissiale : pour connaitre les informations pratiques, <a href=\"https:\/\/chat.whatsapp.com\/DPRPHScnB4sBx1z1dBfg9R\">RDV sur ce groupe<\/a> ! <\/strong>Attention, c&rsquo;est une ballade sportive qui n\u00e9cessite quelques pr\u00e9requis. Toutes les informations sont donn\u00e9es dans la description du groupe.<\/li>\n<\/ul>\n<\/li>\n<\/ul>\n<p>Un tr\u00e8s grand merci \u00e0 tous ceux qui nous soutiennent mat\u00e9riellement via <a href=\"https:\/\/docs.google.com\/spreadsheets\/d\/1A0dVrYHIl4domcCYr3ckLQBq0t3KD9GSE8WoeSY-WfQ\/edit?gid=0#gid=0\">le panier des abb\u00e9s<\/a> !<\/p>\n<p>Un <strong>appartement de notre immeuble situ\u00e9 au 50 rue Grignan se lib\u00e8re<\/strong>. Si vous \u00eates int\u00e9ress\u00e9, contactez l\u2019abb\u00e9 Gillet (06 74 65 73 51). Il s\u2019agit d\u2019un T1\/2, de 35m2, situ\u00e9 au 1er \u00e9tage sans ascenseur, cot\u00e9 cour (donc calme mais un peu moins lumineux), mis en location pour 590\u20ac\/mois charges comprises. Voisinage eccl\u00e9siastique sympathique.<\/p>\n<p>Et <strong>prions pour le repos de l\u2019\u00e2me du pape Fran\u00e7ois et prions ardemment pour son successeur.<\/strong> Nous vous invitons \u00e0 vous joindre \u00e0 la <a href=\"https:\/\/misericordedivine.fr\/neuvaine-a-la-misericorde\/\">neuvaine \u00e0 la mis\u00e9ricorde<\/a> que nous refaisons \u00e0 cette intention.<\/p>\n<p>En vous assurant de nos pri\u00e8res<\/p>\n<p>Abb\u00e9 Eloi Gillet<br \/>\nAbb\u00e9 Vincent Marie-Jeanne<br \/>\nAbb\u00e9 Henri Gilliot<br \/>\nAbb\u00e9 Maximilien.<\/p>\n","protected":false},"excerpt":{"rendered":"<p>Chers paroissiens, voici les annonces pour cette semaine : lundi 5 mai, St Pie V, messe \u00e0 18h30 suivie de l&rsquo;adoration mardi 6, d\u00e9dicace de la cath\u00e9drale de la Major, messes \u00e0 9h et 18h30, adoration \u00e0 8h messe dioc\u00e9saine&#8230;<br \/><a class=\"read-more-button\" href=\"https:\/\/paroisse-saint-charles.fr\/WordPress3\/2025\/05\/annonces-du-dimanche-4-mai\/\">Savoir plus<\/a><\/p>\n","protected":false},"author":4,"featured_media":0,"comment_status":"closed","ping_status":"closed","sticky":false,"template":"","format":"standard","meta":{"footnotes":""},"categories":[8,11],"tags":[],"class_list":["post-10798","post","type-post","status-publish","format-standard","hentry","category-homepage","category-newsletter"],"jetpack_featured_media_url":"","_links":{"self":[{"href":"https:\/\/paroisse-saint-charles.fr\/WordPress3\/wp-json\/wp\/v2\/posts\/10798","targetHints":{"allow":["GET"]}}],"collection":[{"href":"https:\/\/paroisse-saint-charles.fr\/WordPress3\/wp-json\/wp\/v2\/posts"}],"about":[{"href":"https:\/\/paroisse-saint-charles.fr\/WordPress3\/wp-json\/wp\/v2\/types\/post"}],"author":[{"embeddable":true,"href":"https:\/\/paroisse-saint-charles.fr\/WordPress3\/wp-json\/wp\/v2\/users\/4"}],"replies":[{"embeddable":true,"href":"https:\/\/paroisse-saint-charles.fr\/WordPress3\/wp-json\/wp\/v2\/comments?post=10798"}],"version-history":[{"count":1,"href":"https:\/\/paroisse-saint-charles.fr\/WordPress3\/wp-json\/wp\/v2\/posts\/10798\/revisions"}],"predecessor-version":[{"id":10799,"href":"https:\/\/paroisse-saint-charles.fr\/WordPress3\/wp-json\/wp\/v2\/posts\/10798\/revisions\/10799"}],"wp:attachment":[{"href":"https:\/\/paroisse-saint-charles.fr\/WordPress3\/wp-json\/wp\/v2\/media?parent=10798"}],"wp:term":[{"taxonomy":"category","embeddable":true,"href":"https:\/\/paroisse-saint-charles.fr\/WordPress3\/wp-json\/wp\/v2\/categories?post=10798"},{"taxonomy":"post_tag","embeddable":true,"href":"https:\/\/paroisse-saint-charles.fr\/WordPress3\/wp-json\/wp\/v2\/tags?post=10798"}],"curies":[{"name":"wp","href":"https:\/\/api.w.org\/{rel}","templated":true}]}}