{"id":10807,"date":"2025-05-12T10:32:29","date_gmt":"2025-05-12T08:32:29","guid":{"rendered":"http:\/\/paroisse-saint-charles.fr\/WordPress3\/?p=10807"},"modified":"2025-05-12T10:47:18","modified_gmt":"2025-05-12T08:47:18","slug":"annonces-du-dimanche-11-mai","status":"publish","type":"post","link":"https:\/\/paroisse-saint-charles.fr\/WordPress3\/2025\/05\/annonces-du-dimanche-11-mai\/","title":{"rendered":"Annonces du dimanche 11 mai"},"content":{"rendered":"<p>Chers paroissiens,<\/p>\n<p>dans la joie et l&rsquo;action de gr\u00e2ce apr\u00e8s l&rsquo;\u00e9lection du pape L\u00e9on XIV, voici les nouvelles pour cette semaine :<\/p>\n<ul>\n<li>lundi 12, Sts N\u00e9r\u00e9e, Achill\u00e9e, Domitille et Pancrace, messe \u00e0 18h30 suivie de l&rsquo;adoration\n<ul>\n<li>19h, devant la pr\u00e9fecture, manifestation pour dire non \u00e0 l&rsquo;euthanasie organis\u00e9e par Alliance Vita.<\/li>\n<\/ul>\n<\/li>\n<li>mardi 13, St Robert Bellarmin (et Apparition de de ND \u00e0 Fatima), messes \u00e0 9h et 18h30, adoration \u00e0 8h<\/li>\n<li>mercredi 14, de la f\u00e9rie, messes \u00e0 10h30 et 18h30, adoration \u00e0 9h30<\/li>\n<li>Jeudi 15, St Jean Baptiste de la Salle, messes \u00e0 12h15 et 18h30, adoration \u00e0 11h15.\n<ul>\n<li><strong>caf\u00e9-cat\u00e9 des mamans \u00e0 9h<\/strong>, sur la vertu de justice ! une garderie est assur\u00e9e.<\/li>\n<li>cat\u00e9chisme pour adultes \u00e0 20h sur le 6\u00e8 commandement (tu ne feras pas d&rsquo;adult\u00e8re ni d&rsquo;impuret\u00e9).<\/li>\n<\/ul>\n<\/li>\n<li>vendredi 16, St Ubald, messes \u00e0 7h15 et 18h30, chapelet m\u00e9dit\u00e9 \u00e0 12h30, Heure Sainte \u00e0 15h.<\/li>\n<li>samedi 17, St Pascal Baylon, messes \u00e0 12h15 et 18h30, adoration \u00e0 8h30<\/li>\n<li>Dimanche 18, 4\u00e8 dimanche apr\u00e8s P\u00e2ques, messes \u00e0 9h et 10h30, pas de v\u00eapres ni d&rsquo;adoration le soir.<\/li>\n<\/ul>\n<p>Les <a href=\"https:\/\/misericordedivine.fr\/activites\/camp-caritas\/\">inscriptions pour le Camp Caritas sont ouvertes<\/a>. Le camp s&rsquo;adresse aux <strong>c\u00e9libataires d&rsquo;au moins 23 ans et aux couples<\/strong>. Les places sont limit\u00e9es : 40 c\u00e9libataires et 15 couples (+ enfants, jusqu&rsquo;\u00e0 17 ans). <strong>Ce camp s&rsquo;ouvre cette ann\u00e9e ann\u00e9e aux adolescents de 12 \u00e0 17 ans sous r\u00e9serve qu&rsquo;il y ait au moins 8 ou 10 inscrits d&rsquo;ici le 1er juin. Ne tardez pas !<\/strong><\/p>\n<p>Le CAP -SUD (Centre Anthropologique de Provence) \u00e0 Toulon propose une ann\u00e9e de formation dans le domaine des humanit\u00e9s (philosophie, anthropologie, histoire, sciences politiques, litt\u00e9rature, g\u00e9opolitique). <a href=\"https:\/\/misericordedivine.fr\/activites\/annee-cap-sud-jeunes\/\">Renseignements et inscription<\/a>. <a href=\"https:\/\/www.youtube.com\/watch?v=WV3-CdZOH3E&amp;t=77s\">Petite vid\u00e9o de pr\u00e9sentation<\/a>.<\/p>\n<p>Notez qu&rsquo;une <strong>sortie ludique pour les servants de messe est pr\u00e9vue le samedi 31 mai apr\u00e8s midi<\/strong>.<\/p>\n<p>&nbsp;<\/p>\n<ul>\n<li>Pour participer au p\u00e8lerinage des <strong>m\u00e8res<\/strong> de famille \u00e0 Cotignac les 13-14-15 juin, inscrivez-vous \u00e0 <a href=\"mailto:peledesmeresmarseille@gmail.com\">peledesmeresmarseille@gmail.com<\/a><br \/>\nPour participer au p\u00e8lerinage des <strong>p\u00e8res<\/strong> de famille \u00e0 Cotignac les 4-5-6 juillet, inscrivez-vous \u00e0 <a href=\"mailto:peledesperesmarseille@gmail.com\">peledesperesmarseille@gmail.com<\/a><\/li>\n<\/ul>\n<p>En vous assurant de nos pri\u00e8res<\/p>\n<p>Abb\u00e9 Eloi Gillet<br \/>\nAbb\u00e9 Vincent Marie-Jeanne<br \/>\nAbb\u00e9 Henri Gilliot<br \/>\nAbb\u00e9 Maximilien.<\/p>\n","protected":false},"excerpt":{"rendered":"<p>Chers paroissiens, dans la joie et l&rsquo;action de gr\u00e2ce apr\u00e8s l&rsquo;\u00e9lection du pape L\u00e9on XIV, voici les nouvelles pour cette semaine : lundi 12, Sts N\u00e9r\u00e9e, Achill\u00e9e, Domitille et Pancrace, messe \u00e0 18h30 suivie de l&rsquo;adoration 19h, devant la pr\u00e9fecture,&#8230;<br \/><a class=\"read-more-button\" href=\"https:\/\/paroisse-saint-charles.fr\/WordPress3\/2025\/05\/annonces-du-dimanche-11-mai\/\">Savoir plus<\/a><\/p>\n","protected":false},"author":4,"featured_media":0,"comment_status":"closed","ping_status":"closed","sticky":false,"template":"","format":"standard","meta":{"footnotes":""},"categories":[8,11],"tags":[],"class_list":["post-10807","post","type-post","status-publish","format-standard","hentry","category-homepage","category-newsletter"],"jetpack_featured_media_url":"","_links":{"self":[{"href":"https:\/\/paroisse-saint-charles.fr\/WordPress3\/wp-json\/wp\/v2\/posts\/10807","targetHints":{"allow":["GET"]}}],"collection":[{"href":"https:\/\/paroisse-saint-charles.fr\/WordPress3\/wp-json\/wp\/v2\/posts"}],"about":[{"href":"https:\/\/paroisse-saint-charles.fr\/WordPress3\/wp-json\/wp\/v2\/types\/post"}],"author":[{"embeddable":true,"href":"https:\/\/paroisse-saint-charles.fr\/WordPress3\/wp-json\/wp\/v2\/users\/4"}],"replies":[{"embeddable":true,"href":"https:\/\/paroisse-saint-charles.fr\/WordPress3\/wp-json\/wp\/v2\/comments?post=10807"}],"version-history":[{"count":3,"href":"https:\/\/paroisse-saint-charles.fr\/WordPress3\/wp-json\/wp\/v2\/posts\/10807\/revisions"}],"predecessor-version":[{"id":10810,"href":"https:\/\/paroisse-saint-charles.fr\/WordPress3\/wp-json\/wp\/v2\/posts\/10807\/revisions\/10810"}],"wp:attachment":[{"href":"https:\/\/paroisse-saint-charles.fr\/WordPress3\/wp-json\/wp\/v2\/media?parent=10807"}],"wp:term":[{"taxonomy":"category","embeddable":true,"href":"https:\/\/paroisse-saint-charles.fr\/WordPress3\/wp-json\/wp\/v2\/categories?post=10807"},{"taxonomy":"post_tag","embeddable":true,"href":"https:\/\/paroisse-saint-charles.fr\/WordPress3\/wp-json\/wp\/v2\/tags?post=10807"}],"curies":[{"name":"wp","href":"https:\/\/api.w.org\/{rel}","templated":true}]}}