{"id":10926,"date":"2025-09-22T11:56:58","date_gmt":"2025-09-22T09:56:58","guid":{"rendered":"http:\/\/paroisse-saint-charles.fr\/WordPress3\/?p=10926"},"modified":"2025-09-22T11:58:18","modified_gmt":"2025-09-22T09:58:18","slug":"annonces-du-dimanche-21-septembre","status":"publish","type":"post","link":"https:\/\/paroisse-saint-charles.fr\/WordPress3\/2025\/09\/annonces-du-dimanche-21-septembre\/","title":{"rendered":"Annonces du dimanche 21 septembre"},"content":{"rendered":"<p>Chers paroissiens,<\/p>\n<p>voici les annonces pour cette semaine :<\/p>\n<ul>\n<li>lundi 22, St Thomas de Villeneuve, messe \u00e0 18h30 suivie de l&rsquo;adoration<\/li>\n<li>mardi 23, St Lin, messe \u00e0 18h30, adoration \u00e0 8h (pas de messe \u00e0 9h).\n<ul>\n<li>reprise du groupe Spes Mis\u00e9ricordia \u00e0 20h<\/li>\n<\/ul>\n<\/li>\n<li>mercredi 24, des quatre temps, messes \u00e0 10h30 et 18h30<\/li>\n<li>jeudi 25, St D\u00e9fendent, messes \u00e0 12h15 et 18h30\n<ul>\n<li>cat\u00e9chisme pour adultes \u00e0 20h. Rentrez par l&rsquo;\u00e9glise, \u00e7a commencera par un temps de pri\u00e8re dans l&rsquo;\u00e9glise.<\/li>\n<li>r\u00e9p\u00e9tition de chorale \u00e0 20h.<\/li>\n<\/ul>\n<\/li>\n<li>vendredi 26, des quatre temps de septembre, messes \u00e0 7h15 et 18h30, Heure Sainte \u00e0 15h, maraudes \u00e0 20h30<\/li>\n<li>samedi 27, des quatre temps, messe \u00e0 9h30 (pas 12h15 ni 18h30), adoration \u00e0 8h30\n<ul>\n<li>mariage de Kristel Bertero et Christophe Ringue \u00e0 15h<\/li>\n<\/ul>\n<\/li>\n<li>dimanche 28, Solennit\u00e9 de Ste Th\u00e9r\u00e8se, messes \u00e0 9h et 10h30, v\u00eapres et Salut \u00e0 18h.\n<ul>\n<li>16h, Concert Bach par l&rsquo;Ensemble Meine Seele de la Cantate BWW 138. Entr\u00e9e Libre.<\/li>\n<\/ul>\n<\/li>\n<\/ul>\n<p>Nous vous invitons \u00e0 <a href=\"http:\/\/paroisse-saint-charles.fr\/WordPress3\/fraternite-cor-unum\/\"><strong>vous inscrire et \u00e0 participer aux fraternit\u00e9s Cor Unum<\/strong><\/a><strong>.<\/strong> Ces petites fraternit\u00e9s (10\/12 personnes) ont pour but de cr\u00e9er des liens fraternels entre les diff\u00e9rents paroissiens (cat\u00e9chum\u00e8nes, n\u00e9ophytes, recommen\u00e7ants, paroissiens de longue date, c\u00e9libataires, mari\u00e9s, s\u00e9par\u00e9s, veufs, jeunes ou moins jeunes). C\u2019est un <strong>petit engagement missionnaires mais n\u00e9cessaire<\/strong> \u00e0 la vitalit\u00e9 de la paroisse qui allie un temps spirituel (messe ou ado ou lectio.. et un temps convial). <strong><em>RDV une fois par mois, chacun choisit le\/les jour(s) o\u00f9 il peut se rendre disponible<\/em><\/strong> pour que nous puissions ensuite faire les \u00e9quipes en fonction de vos disponibilit\u00e9s. L\u2019an dernier, il y avait plus de 60 participants, r\u00e9partis dans 6 \u00e9quipes ! <strong>Inscrivez-vous sans tarder pour que nous puissions enfin constituer les \u00e9quipes !<br \/>\n<\/strong><\/p>\n<p>Vous pouvez encore vous inscrire au <a href=\"https:\/\/nostofe.fr\/inscription\">p\u00e8lerinage Nosto Fe<\/a>\u00a0 les 4\/5 octobre entre Cotignac et Saint-Maximin. Sachez qu\u2019il existe deux chapitres adultes li\u00e9s \u00e0 la paroisse (les chapitres Bonne M\u00e8re et Bx Abb\u00e9 Fouque) et un chapitre famille (St Joseph du Bessillon). Pour le chapitre famille, il y a une organisation pratique qui vous sera communiqu\u00e9e via un groupe WhatsApp une fois que vous serez inscrits via le site du p\u00e8lerinage. Compte tenu de l\u2019affluence, un troisi\u00e8me chapitre adulte va sans doute se cr\u00e9er (chapitre St Eug\u00e8ne de Mazenod). Il existe \u00e9galement un chapitre missionnaire (le chapitre Ste Marthe).<\/p>\n<p>Nous recherchons des b\u00e9n\u00e9voles pour assurer des <strong>permanences d\u2019accueil dans l\u2019\u00e9glise<\/strong>, notamment les vendredis de 13h \u00e0 15h, les samedis entre 13h et 18h.<\/p>\n<p>Si vous \u00eates int\u00e9ress\u00e9 par l&rsquo;achat d&rsquo;<strong>un missel des fid\u00e8les \u00e9dit\u00e9 par le monast\u00e8re du Barroux<\/strong>, dites-le nous en pr\u00e9cisant votre nom et la couleur demand\u00e9e (noir, vert, bordeaux, marron, bleu).<\/p>\n<p>Comme annonc\u00e9 ce dimanche, nous r\u00e9fl\u00e9chissons \u00e0 organiser <strong>un p\u00e8lerinage en Terre Sainte aux dates (approximatives) du 12 au 19 avril 2026<\/strong>. Si vous \u00eates int\u00e9ress\u00e9 par le projet, manifestez-vous vite. Pour la faisabilit\u00e9 d&rsquo;un tel projet, il faudrait \u00eatre environ 25 personnes.<\/p>\n<p>En vous assurant de nos pri\u00e8res<\/p>\n<p>Abb\u00e9 Eloi Gillet<br \/>\nAbb\u00e9 Vincent Marie-Jeanne<br \/>\nAbb\u00e9 Henri Gilliot<br \/>\nNathana\u00ebl.<\/p>\n<p>&nbsp;<\/p>\n<p>&nbsp;<\/p>\n","protected":false},"excerpt":{"rendered":"<p>Chers paroissiens, voici les annonces pour cette semaine : lundi 22, St Thomas de Villeneuve, messe \u00e0 18h30 suivie de l&rsquo;adoration mardi 23, St Lin, messe \u00e0 18h30, adoration \u00e0 8h (pas de messe \u00e0 9h). reprise du groupe Spes&#8230;<br \/><a class=\"read-more-button\" href=\"https:\/\/paroisse-saint-charles.fr\/WordPress3\/2025\/09\/annonces-du-dimanche-21-septembre\/\">Savoir plus<\/a><\/p>\n","protected":false},"author":4,"featured_media":0,"comment_status":"closed","ping_status":"closed","sticky":false,"template":"","format":"standard","meta":{"footnotes":""},"categories":[8,11],"tags":[],"class_list":["post-10926","post","type-post","status-publish","format-standard","hentry","category-homepage","category-newsletter"],"jetpack_featured_media_url":"","_links":{"self":[{"href":"https:\/\/paroisse-saint-charles.fr\/WordPress3\/wp-json\/wp\/v2\/posts\/10926","targetHints":{"allow":["GET"]}}],"collection":[{"href":"https:\/\/paroisse-saint-charles.fr\/WordPress3\/wp-json\/wp\/v2\/posts"}],"about":[{"href":"https:\/\/paroisse-saint-charles.fr\/WordPress3\/wp-json\/wp\/v2\/types\/post"}],"author":[{"embeddable":true,"href":"https:\/\/paroisse-saint-charles.fr\/WordPress3\/wp-json\/wp\/v2\/users\/4"}],"replies":[{"embeddable":true,"href":"https:\/\/paroisse-saint-charles.fr\/WordPress3\/wp-json\/wp\/v2\/comments?post=10926"}],"version-history":[{"count":2,"href":"https:\/\/paroisse-saint-charles.fr\/WordPress3\/wp-json\/wp\/v2\/posts\/10926\/revisions"}],"predecessor-version":[{"id":10928,"href":"https:\/\/paroisse-saint-charles.fr\/WordPress3\/wp-json\/wp\/v2\/posts\/10926\/revisions\/10928"}],"wp:attachment":[{"href":"https:\/\/paroisse-saint-charles.fr\/WordPress3\/wp-json\/wp\/v2\/media?parent=10926"}],"wp:term":[{"taxonomy":"category","embeddable":true,"href":"https:\/\/paroisse-saint-charles.fr\/WordPress3\/wp-json\/wp\/v2\/categories?post=10926"},{"taxonomy":"post_tag","embeddable":true,"href":"https:\/\/paroisse-saint-charles.fr\/WordPress3\/wp-json\/wp\/v2\/tags?post=10926"}],"curies":[{"name":"wp","href":"https:\/\/api.w.org\/{rel}","templated":true}]}}