{"id":10933,"date":"2025-09-28T21:44:05","date_gmt":"2025-09-28T19:44:05","guid":{"rendered":"http:\/\/paroisse-saint-charles.fr\/WordPress3\/?p=10933"},"modified":"2025-09-28T21:55:31","modified_gmt":"2025-09-28T19:55:31","slug":"annonces-du-dimanche-28-septembre","status":"publish","type":"post","link":"https:\/\/paroisse-saint-charles.fr\/WordPress3\/2025\/09\/annonces-du-dimanche-28-septembre\/","title":{"rendered":"Annonces du dimanche 28 septembre"},"content":{"rendered":"<p>Chers paroissiens,<\/p>\n<p>voici les annonces pour cette semaine :<\/p>\n<ul>\n<li>lundi 29, d\u00e9dicace de Saint Michel Archange, messe \u00e0 18h30 suivie de l&rsquo;adoration<\/li>\n<li>mardi 30, St J\u00e9r\u00f4me, messes \u00e0 9h et 18h30, adoration \u00e0 8h<\/li>\n<li>mercredi 1er octobre, St R\u00e9my, messes \u00e0 10h30 et 18h30, adoration \u00e0 9h30<\/li>\n<li>jeudi 2, Sts Anges Gardiens, messes \u00e0 12h15 et 18h30, adoration \u00e0 11h15\n<ul>\n<li>cat\u00e9chisme pour adultes \u00e0 20h. Rentrez par l\u2019\u00e9glise, \u00e7a commencera par un temps de pri\u00e8re dans l\u2019\u00e9glise.<\/li>\n<li>r\u00e9p\u00e9tition de chorale \u00e0 20h.<\/li>\n<\/ul>\n<\/li>\n<li>vendredi 3, premier vendredi du mois, Ste Th\u00e9r\u00e8se de l&rsquo;Enfant J\u00e9sus, messes \u00e0 7h15 et 18h30, Heure Sainte \u00e0 15h, Soir\u00e9e mis\u00e9ricorde, adoration de 19h \u00e0 20h30.<\/li>\n<li>samedi 4, St Fran\u00e7ois d&rsquo;Assise, pas de messe ni d&rsquo;adoration<\/li>\n<li>dimanche 5, Solennit\u00e9 de ND du Rosaire, messes \u00e0 9h et 10h30, v\u00eapres et adoration \u00e0 18h.<\/li>\n<\/ul>\n<p>Vous pouvez encore vous inscrire au <a href=\"https:\/\/nostofe.fr\/inscription\">p\u00e8lerinage Nosto Fe<\/a>\u00a0 les 4\/5 octobre entre Cotignac et Saint-Maximin. Sachez qu\u2019il existe trois chapitres adultes li\u00e9s \u00e0 la paroisse (les chapitres Bonne M\u00e8re, Bx Abb\u00e9 Fouque et St Eug\u00e8ne de Mazenod) et un chapitre famille (St Joseph du Bessillon). Pour le chapitre famille, il y a une organisation pratique qui vous sera communiqu\u00e9e via un groupe WhatsApp une fois que vous serez inscrits via le site du p\u00e8lerinage. Il existe \u00e9galement un chapitre missionnaire (le chapitre Ste Marthe). L\u2019affluence de p\u00e8lerins au p\u00e8lerinage provencal Nosto Fe est telle que nous devons cr\u00e9er un autre chapitre famille (chapitre Saint Lazare). Nous recherchons donc urgemment un chef de chapitre et des adjoints. Contactez-nous sans tarder. Nous vous enverrons la fiche de poste.<br \/>\nEn outre, <strong>pour vous aider \u00e0 organiser les trajets<\/strong>, un <a href=\"https:\/\/togetzer.com\/covoiturage-evenement\/nubo7c\">lien de covoiturage<\/a> a \u00e9t\u00e9 mis en place.<\/p>\n<p>Nous vous invitons \u00e0 <a href=\"http:\/\/paroisse-saint-charles.fr\/WordPress3\/fraternite-cor-unum\/\"><strong>vous inscrire et \u00e0 participer aux fraternit\u00e9s Cor Unum<\/strong><\/a><strong>.<\/strong> Ces petites fraternit\u00e9s (10\/12 personnes) ont pour but de cr\u00e9er des liens fraternels entre les diff\u00e9rents paroissiens (cat\u00e9chum\u00e8nes, n\u00e9ophytes, recommen\u00e7ants, paroissiens de longue date, c\u00e9libataires, mari\u00e9s, s\u00e9par\u00e9s, veufs, jeunes ou moins jeunes). C\u2019est un <strong>petit engagement missionnaires mais n\u00e9cessaire<\/strong> \u00e0 la vitalit\u00e9 de la paroisse qui allie un temps spirituel (messe ou ado ou lectio.. et un temps convial). <strong><em>RDV une fois par mois, chacun choisit le\/les jour(s) o\u00f9 il peut se rendre disponible<\/em><\/strong> pour que nous puissions ensuite faire les \u00e9quipes en fonction de vos disponibilit\u00e9s. L\u2019an dernier, il y avait plus de 60 participants, r\u00e9partis dans 6 \u00e9quipes ! <strong>Inscrivez-vous sans tarder pour que nous puissions enfin constituer les \u00e9quipes !<br \/>\n<\/strong><\/p>\n<p>Si vous \u00eates int\u00e9ress\u00e9 par du <strong>cat\u00e9chisme pour les enfants<\/strong> qui ne peuvent pas venir le mercredi matin, merci de nous pr\u00e9venir. Nous r\u00e9fl\u00e9chissons \u00e0 mettre en place une s\u00e9ance de cat\u00e9chisme le <strong>samedi matin<\/strong>.<\/p>\n<p>Nous recherchons des b\u00e9n\u00e9voles pour assurer des <strong>permanences d\u2019accueil dans l\u2019\u00e9glise<\/strong>, notamment les vendredis de 13h \u00e0 15h, les samedis entre 13h et 18h.<\/p>\n<p>Si vous \u00eates int\u00e9ress\u00e9 par l\u2019achat d\u2019<strong>un missel des fid\u00e8les \u00e9dit\u00e9 par le monast\u00e8re du Barroux<\/strong>, dites-le nous en pr\u00e9cisant votre nom et la couleur demand\u00e9e (noir, vert, bordeaux, marron, bleu).<\/p>\n<p>En vous assurant de nos pri\u00e8res<\/p>\n<p>Abb\u00e9 Eloi Gillet<br \/>\nAbb\u00e9 Vincent Marie-Jeanne<br \/>\nAbb\u00e9 Henri Gilliot<br \/>\nNathana\u00ebl.<\/p>\n","protected":false},"excerpt":{"rendered":"<p>Chers paroissiens, voici les annonces pour cette semaine : lundi 29, d\u00e9dicace de Saint Michel Archange, messe \u00e0 18h30 suivie de l&rsquo;adoration mardi 30, St J\u00e9r\u00f4me, messes \u00e0 9h et 18h30, adoration \u00e0 8h mercredi 1er octobre, St R\u00e9my, messes&#8230;<br \/><a class=\"read-more-button\" href=\"https:\/\/paroisse-saint-charles.fr\/WordPress3\/2025\/09\/annonces-du-dimanche-28-septembre\/\">Savoir plus<\/a><\/p>\n","protected":false},"author":4,"featured_media":0,"comment_status":"closed","ping_status":"closed","sticky":false,"template":"","format":"standard","meta":{"footnotes":""},"categories":[8,11],"tags":[],"class_list":["post-10933","post","type-post","status-publish","format-standard","hentry","category-homepage","category-newsletter"],"jetpack_featured_media_url":"","_links":{"self":[{"href":"https:\/\/paroisse-saint-charles.fr\/WordPress3\/wp-json\/wp\/v2\/posts\/10933","targetHints":{"allow":["GET"]}}],"collection":[{"href":"https:\/\/paroisse-saint-charles.fr\/WordPress3\/wp-json\/wp\/v2\/posts"}],"about":[{"href":"https:\/\/paroisse-saint-charles.fr\/WordPress3\/wp-json\/wp\/v2\/types\/post"}],"author":[{"embeddable":true,"href":"https:\/\/paroisse-saint-charles.fr\/WordPress3\/wp-json\/wp\/v2\/users\/4"}],"replies":[{"embeddable":true,"href":"https:\/\/paroisse-saint-charles.fr\/WordPress3\/wp-json\/wp\/v2\/comments?post=10933"}],"version-history":[{"count":2,"href":"https:\/\/paroisse-saint-charles.fr\/WordPress3\/wp-json\/wp\/v2\/posts\/10933\/revisions"}],"predecessor-version":[{"id":10935,"href":"https:\/\/paroisse-saint-charles.fr\/WordPress3\/wp-json\/wp\/v2\/posts\/10933\/revisions\/10935"}],"wp:attachment":[{"href":"https:\/\/paroisse-saint-charles.fr\/WordPress3\/wp-json\/wp\/v2\/media?parent=10933"}],"wp:term":[{"taxonomy":"category","embeddable":true,"href":"https:\/\/paroisse-saint-charles.fr\/WordPress3\/wp-json\/wp\/v2\/categories?post=10933"},{"taxonomy":"post_tag","embeddable":true,"href":"https:\/\/paroisse-saint-charles.fr\/WordPress3\/wp-json\/wp\/v2\/tags?post=10933"}],"curies":[{"name":"wp","href":"https:\/\/api.w.org\/{rel}","templated":true}]}}