{"id":10938,"date":"2025-10-06T10:05:35","date_gmt":"2025-10-06T08:05:35","guid":{"rendered":"http:\/\/paroisse-saint-charles.fr\/WordPress3\/?p=10938"},"modified":"2025-10-06T10:23:00","modified_gmt":"2025-10-06T08:23:00","slug":"annonces-du-dimanche-5-octobre","status":"publish","type":"post","link":"https:\/\/paroisse-saint-charles.fr\/WordPress3\/2025\/10\/annonces-du-dimanche-5-octobre\/","title":{"rendered":"Annonces du dimanche 5 octobre"},"content":{"rendered":"<p>Chers paroissiens,<\/p>\n<p>voici les annonces pour cette semaine :<\/p>\n<ul>\n<li>lundi 6, St Bruno, messe \u00e0 18h30 suivie de l&rsquo;adoration<\/li>\n<li>mardi 7, ND du Rosaire, messes \u00e0 9h et 18h30, adoration \u00e0 8h<\/li>\n<li>mercredi 8, Ste Brigitte de Su\u00e8de, messes \u00e0 10h30 et 18h30, adoration \u00e0 9h30<\/li>\n<li>jeudi 9, St Jean L\u00e9onardi et St Denis, messe \u00e0 12h15 et 18h30, adoration \u00e0 11h15\n<ul>\n<li>cat\u00e9chisme pour adultes \u00e0 20h<\/li>\n<li>r\u00e9p\u00e9tition de chorale<\/li>\n<\/ul>\n<\/li>\n<li>vendredi 10, St Fran\u00e7ois de Borgia, messes \u00e0 7h15 et 18h30, Heure Sainte \u00e0 15h\n<ul>\n<li>maraude \u00e0 20h30<\/li>\n<\/ul>\n<\/li>\n<li>samedi 11, Maternit\u00e9 de la Ste Vierge, messes \u00e0 12h15 et 18h30.<\/li>\n<li>dimanche 12, 18\u00e8 dimanche apr\u00e8s la Pentec\u00f4te, messes \u00e0 9h et 10h30, pas de v\u00eapres ni d&rsquo;adoration.<\/li>\n<\/ul>\n<p>&nbsp;<\/p>\n<p>Si vous \u00eates int\u00e9ress\u00e9 par du <strong>cat\u00e9chisme pour les enfants<\/strong> qui ne peuvent pas venir le mercredi matin, merci de nous pr\u00e9venir. Nous r\u00e9fl\u00e9chissons \u00e0 mettre en place une s\u00e9ance de cat\u00e9chisme le <strong>samedi matin<\/strong>.<\/p>\n<p>Nous recherchons des b\u00e9n\u00e9voles pour assurer des <strong>permanences d\u2019accueil dans l\u2019\u00e9glise<\/strong>, notamment les vendredis de 13h \u00e0 15h, les samedis entre 13h et 18h.<\/p>\n<p>Si vous \u00eates int\u00e9ress\u00e9 par l\u2019achat d\u2019<strong>un missel des fid\u00e8les \u00e9dit\u00e9 par le monast\u00e8re du Barroux<\/strong>, dites-le nous en pr\u00e9cisant votre nom et la couleur demand\u00e9e (noir, vert, bordeaux, marron, bleu).<\/p>\n<p>Pensez \u00e0 nous confier vos intentions de messe !<\/p>\n<p>En vous assurant de nos pri\u00e8res<\/p>\n<p>Abb\u00e9 Eloi Gillet<br \/>\nAbb\u00e9 Vincent Marie-Jeanne<br \/>\nAbb\u00e9 Henri Gilliot<br \/>\nNathana\u00ebl<\/p>\n","protected":false},"excerpt":{"rendered":"<p>Chers paroissiens, voici les annonces pour cette semaine : lundi 6, St Bruno, messe \u00e0 18h30 suivie de l&rsquo;adoration mardi 7, ND du Rosaire, messes \u00e0 9h et 18h30, adoration \u00e0 8h mercredi 8, Ste Brigitte de Su\u00e8de, messes \u00e0&#8230;<br \/><a class=\"read-more-button\" href=\"https:\/\/paroisse-saint-charles.fr\/WordPress3\/2025\/10\/annonces-du-dimanche-5-octobre\/\">Savoir plus<\/a><\/p>\n","protected":false},"author":4,"featured_media":0,"comment_status":"closed","ping_status":"closed","sticky":false,"template":"","format":"standard","meta":{"footnotes":""},"categories":[8,11],"tags":[],"class_list":["post-10938","post","type-post","status-publish","format-standard","hentry","category-homepage","category-newsletter"],"jetpack_featured_media_url":"","_links":{"self":[{"href":"https:\/\/paroisse-saint-charles.fr\/WordPress3\/wp-json\/wp\/v2\/posts\/10938","targetHints":{"allow":["GET"]}}],"collection":[{"href":"https:\/\/paroisse-saint-charles.fr\/WordPress3\/wp-json\/wp\/v2\/posts"}],"about":[{"href":"https:\/\/paroisse-saint-charles.fr\/WordPress3\/wp-json\/wp\/v2\/types\/post"}],"author":[{"embeddable":true,"href":"https:\/\/paroisse-saint-charles.fr\/WordPress3\/wp-json\/wp\/v2\/users\/4"}],"replies":[{"embeddable":true,"href":"https:\/\/paroisse-saint-charles.fr\/WordPress3\/wp-json\/wp\/v2\/comments?post=10938"}],"version-history":[{"count":2,"href":"https:\/\/paroisse-saint-charles.fr\/WordPress3\/wp-json\/wp\/v2\/posts\/10938\/revisions"}],"predecessor-version":[{"id":10940,"href":"https:\/\/paroisse-saint-charles.fr\/WordPress3\/wp-json\/wp\/v2\/posts\/10938\/revisions\/10940"}],"wp:attachment":[{"href":"https:\/\/paroisse-saint-charles.fr\/WordPress3\/wp-json\/wp\/v2\/media?parent=10938"}],"wp:term":[{"taxonomy":"category","embeddable":true,"href":"https:\/\/paroisse-saint-charles.fr\/WordPress3\/wp-json\/wp\/v2\/categories?post=10938"},{"taxonomy":"post_tag","embeddable":true,"href":"https:\/\/paroisse-saint-charles.fr\/WordPress3\/wp-json\/wp\/v2\/tags?post=10938"}],"curies":[{"name":"wp","href":"https:\/\/api.w.org\/{rel}","templated":true}]}}