{"id":10946,"date":"2025-10-12T17:19:43","date_gmt":"2025-10-12T15:19:43","guid":{"rendered":"https:\/\/paroisse-saint-charles.fr\/WordPress3\/?p=10946"},"modified":"2025-10-12T17:19:43","modified_gmt":"2025-10-12T15:19:43","slug":"annonce-du-dimanche-12-octobre","status":"publish","type":"post","link":"https:\/\/paroisse-saint-charles.fr\/WordPress3\/2025\/10\/annonce-du-dimanche-12-octobre\/","title":{"rendered":"Annonce du dimanche 12 octobre"},"content":{"rendered":"<p>Chers paroissiens,<\/p>\n<p>voici les annonces pour cette semaine :<\/p>\n<ul>\n<li>Lundi 13 St \u00c9douard : <strong>pas de messe ni d&rsquo;adoration<\/strong><\/li>\n<li>Mardi 14 St Calixte Ier : messe 18h30 (pas de messe \u00e0 9h ni d&rsquo;adoration \u00e0 8h).<\/li>\n<li>Mercredi 15 Ste Th\u00e9r\u00e8se d&rsquo;Avila : messes \u00e0 10h30 et 18h30, adoration \u00e0 9h30\n<ul>\n<li>cat\u00e9chisme pour adultes \u00e0 11h15, au m\u00eame horaire que celui des enfants.<\/li>\n<\/ul>\n<\/li>\n<li>Jeudi 16 Ste Hedwige : messe \u00e0 18h30 (pas de messe \u00e0 12h15), <strong>adoration \u00e0 17h30<\/strong>\n<ul>\n<li>cat\u00e9chisme pour adultes \u00e0 20h<\/li>\n<li>r\u00e9p\u00e9tition de chorale<\/li>\n<\/ul>\n<\/li>\n<li>Vendredi 17 Ste Marguerite-Marie Alacoque : messes \u00e0 7h15 et 18h30, Heure Sainte \u00e0 15h\n<ul>\n<li>fun\u00e9railles de Gilbert Bianchi \u00e0 11h<\/li>\n<li>chapelet m\u00e9dit\u00e9 \u00e0 12h30<\/li>\n<li>maraude \u00e0 20h30<\/li>\n<\/ul>\n<\/li>\n<li>Samedi 18 St Luc \u00e9vang\u00e9liste (2\u00e8me Classe) : messes \u00e0 12h15 et 18h30, adoration \u00e0 8h30.<\/li>\n<li>Dimanche 19 19\u00e8me Dimanche apr\u00e8s la Pentec\u00f4te, Dimanche des Missions : messes \u00e0 9h et 10h30, v\u00eapres \u00e0 18h, adoration et salut du Saint Sacrement \u00e0 18h30.<\/li>\n<\/ul>\n<p>Veuille noter les annonces suivantes :<\/p>\n<p>Une exposition d\u2019art aura lieu \u00e0 l&rsquo;\u00e9glise du <strong>lundi 8 au samedi 13 d\u00e9cembre<\/strong>, ayant pour th\u00e8me <strong>\u00ab\u00a0Dieu et le f\u00e9minin\u00a0\u00bb<\/strong>. Info et renseignements aupr\u00e8s de l&rsquo;Abb\u00e9 Marie-Jeanne 07 62 08 89 82. <em>Nous\u00a0<\/em><i>recherchons des personnes pour assurer des permanences pendant la semaine, pour maintenir l&rsquo;exposition ouverte. Comme la cr\u00e8che sera install\u00e9e, deux personnes seront n\u00e9cessaires.<\/i><\/p>\n<p>Une messe d&rsquo;action de gr\u00e2ce pour le p\u00e8lerinage <em>Nosto<\/em> <em>Fe<\/em> aura lieu <strong>le samedi 8 novembre \u00e0 15h.<\/strong><\/p>\n<p>La salle de sport <em>Secret Gym <\/em>au 53 rue Grignan, tenue par un ami de l&rsquo;\u00e9glise, propose un abonnement au tarif pr\u00e9f\u00e9rentiel de 33 \u20ac \/ mois pour les paroissiens : acc\u00e8s libre \u00e0 la salle, sauna, ambiance conviviale et respectueuse.<\/p>\n<p>Si vous \u00eates int\u00e9ress\u00e9 par du <strong>cat\u00e9chisme pour les enfants<\/strong> qui ne peuvent pas venir le mercredi matin, merci de nous pr\u00e9venir. Nous r\u00e9fl\u00e9chissons \u00e0 mettre en place une s\u00e9ance de cat\u00e9chisme le <strong>samedi matin<\/strong>.<\/p>\n<p>Nous recherchons des b\u00e9n\u00e9voles pour assurer des <strong>permanences d\u2019accueil dans l\u2019\u00e9glise<\/strong>, notamment les vendredis de 13h \u00e0 15h, les samedis entre 13h et 18h.<\/p>\n<p>Si vous \u00eates int\u00e9ress\u00e9 par l\u2019achat d\u2019<strong>un missel des fid\u00e8les \u00e9dit\u00e9 par le monast\u00e8re du Barroux<\/strong>, dites-le nous en pr\u00e9cisant votre nom et la couleur demand\u00e9e (noir, vert, bordeaux, marron, bleu).<\/p>\n<p>Pensez \u00e0 nous confier vos intentions de messe !<\/p>\n<p>En vous assurant de nos pri\u00e8res<\/p>\n<p>Abb\u00e9 Eloi Gillet<br \/>\nAbb\u00e9 Vincent Marie-Jeanne<br \/>\nAbb\u00e9 Henri Gilliot<br \/>\nNathana\u00ebl<\/p>\n","protected":false},"excerpt":{"rendered":"<p>Chers paroissiens, voici les annonces pour cette semaine : Lundi 13 St \u00c9douard : pas de messe ni d&rsquo;adoration Mardi 14 St Calixte Ier : messe 18h30 (pas de messe \u00e0 9h ni d&rsquo;adoration \u00e0 8h). Mercredi 15 Ste Th\u00e9r\u00e8se&#8230;<br \/><a class=\"read-more-button\" href=\"https:\/\/paroisse-saint-charles.fr\/WordPress3\/2025\/10\/annonce-du-dimanche-12-octobre\/\">Savoir plus<\/a><\/p>\n","protected":false},"author":8,"featured_media":0,"comment_status":"closed","ping_status":"closed","sticky":false,"template":"","format":"standard","meta":{"footnotes":""},"categories":[8,11],"tags":[],"class_list":["post-10946","post","type-post","status-publish","format-standard","hentry","category-homepage","category-newsletter"],"jetpack_featured_media_url":"","_links":{"self":[{"href":"https:\/\/paroisse-saint-charles.fr\/WordPress3\/wp-json\/wp\/v2\/posts\/10946","targetHints":{"allow":["GET"]}}],"collection":[{"href":"https:\/\/paroisse-saint-charles.fr\/WordPress3\/wp-json\/wp\/v2\/posts"}],"about":[{"href":"https:\/\/paroisse-saint-charles.fr\/WordPress3\/wp-json\/wp\/v2\/types\/post"}],"author":[{"embeddable":true,"href":"https:\/\/paroisse-saint-charles.fr\/WordPress3\/wp-json\/wp\/v2\/users\/8"}],"replies":[{"embeddable":true,"href":"https:\/\/paroisse-saint-charles.fr\/WordPress3\/wp-json\/wp\/v2\/comments?post=10946"}],"version-history":[{"count":1,"href":"https:\/\/paroisse-saint-charles.fr\/WordPress3\/wp-json\/wp\/v2\/posts\/10946\/revisions"}],"predecessor-version":[{"id":10947,"href":"https:\/\/paroisse-saint-charles.fr\/WordPress3\/wp-json\/wp\/v2\/posts\/10946\/revisions\/10947"}],"wp:attachment":[{"href":"https:\/\/paroisse-saint-charles.fr\/WordPress3\/wp-json\/wp\/v2\/media?parent=10946"}],"wp:term":[{"taxonomy":"category","embeddable":true,"href":"https:\/\/paroisse-saint-charles.fr\/WordPress3\/wp-json\/wp\/v2\/categories?post=10946"},{"taxonomy":"post_tag","embeddable":true,"href":"https:\/\/paroisse-saint-charles.fr\/WordPress3\/wp-json\/wp\/v2\/tags?post=10946"}],"curies":[{"name":"wp","href":"https:\/\/api.w.org\/{rel}","templated":true}]}}