{"id":10951,"date":"2025-10-20T11:32:04","date_gmt":"2025-10-20T09:32:04","guid":{"rendered":"http:\/\/paroisse-saint-charles.fr\/WordPress3\/?p=10951"},"modified":"2025-10-20T11:33:14","modified_gmt":"2025-10-20T09:33:14","slug":"annonces-du-dimanche-19-octobre","status":"publish","type":"post","link":"https:\/\/paroisse-saint-charles.fr\/WordPress3\/2025\/10\/annonces-du-dimanche-19-octobre\/","title":{"rendered":"Annonces du dimanche 19 octobre"},"content":{"rendered":"<p>Chers paroissiens,<\/p>\n<p>voici les annonces pour cette semaine :<\/p>\n<ul>\n<li>lundi 20, St Jean Kenty, messe \u00e0 18h30 suivie de l&rsquo;adoration<\/li>\n<li>mardi 21, St Mauront, messes \u00e0 9h et 18h30, adoration \u00e0 8h et 20h<\/li>\n<li>mercredi 22, St Jean Paul II, messes \u00e0 10h30 et 18h30, adoration \u00e0 9h30<\/li>\n<li>jeudi 23, St Antoine Marie Claret, messes \u00e0 12h15 et 18h30, adoration \u00e0 11h15\n<ul>\n<li>cat\u00e9chisme pour adultes \u00e0 20h : <em>s\u00e9ance pratique d&rsquo;utilisation du missel<\/em>.<\/li>\n<\/ul>\n<\/li>\n<li>vendredi 24, St Rapha\u00ebl Archange, messes \u00e0 7h15 et 18h30, Heure Sainte \u00e0 15h.<\/li>\n<li>samedi 25, de la Sainte Vierge, messes \u00e0 12h15 et 18h30, adoration \u00e0 8h30.\n<ul>\n<li>mariage de Victor Alexandre Bacconais et L\u00e9onie Faut \u00e0 15h.<\/li>\n<\/ul>\n<\/li>\n<li>dimanche 26, solennit\u00e9 du Christ Roi, messes \u00e0 9h et 10h30, v\u00eapres et Salut \u00e0 18h<\/li>\n<\/ul>\n<p>Notez deux dates :<\/p>\n<ul>\n<li><strong>messe d&rsquo;action de gr\u00e2ces<\/strong> pour le p\u00e8lerinage Nosto Fe le samedi 8 novembre \u00e0 15h en la f\u00eate de la d\u00e9dicace de notre \u00e9glise Saint-Charles, suivie d&rsquo;un ap\u00e9ritif \u00e0 la salle saint-Philippe.<\/li>\n<li><strong>Exposition d&rsquo;Art sur le th\u00e8me <em>Dieu et le f\u00e9minin<\/em><\/strong> du 8 au 12 d\u00e9cembre dans l&rsquo;\u00e9glise Saint-Charles.\n<ul>\n<li>Si vous souhaitez <strong>exposer<\/strong>, contactez l&rsquo;abb\u00e9 Vincent Marie-Jeanne (07 62 08 89 82).<\/li>\n<li>Nous recherchons \u00e9galement des <strong>b\u00e9n\u00e9voles pour assurer une pr\u00e9sence<\/strong> et garder l&rsquo;exposition. Contactez l&rsquo;abb\u00e9 Vincent Marie-Jeanne.<\/li>\n<\/ul>\n<\/li>\n<\/ul>\n<p>Durant le mois de novembre, l&rsquo;Eglise prie plus sp\u00e9cialement pour les fid\u00e8les d\u00e9funts. <strong>Pensez \u00e0 faire c\u00e9l\u00e9brer des messes pour vos d\u00e9funts<\/strong> !<\/p>\n<p>Ceux qui avaient pr\u00e9command\u00e9s un missel des fid\u00e8les peuvent venir le r\u00e9cup\u00e9rer aupr\u00e8s de l&rsquo;abb\u00e9 Gillet (06 74 65 73 51). Pensez \u00e0 marquer vos missels \u00e0 votre nom !<\/p>\n<p>S&rsquo;il y a des organistes (en herbe, ou confirm\u00e9s !) qui souhaitent s&rsquo;initier \u00e0 l&rsquo;accompagnement de la messe, qu&rsquo;ils n&rsquo;h\u00e9sitent pas \u00e0 se faire connaitre aupr\u00e8s d&rsquo;un de nos organistes !<\/p>\n<p>En pr\u00e9vision de l&rsquo;ouverture de l&rsquo;extension de la prison des Baumettes, l&rsquo;\u00e9quipe d\u2019aum\u00f4nerie des prisons cherche de ne nouveaux visiteurs. Contactez l&rsquo;abb\u00e9 Vincent Marie-Jeanne.<\/p>\n<p>En vous assurant de nos pri\u00e8res<\/p>\n<p>Abb\u00e9 Eloi Gillet<br \/>\nAbb\u00e9 Vincent Marie-Jeanne<br \/>\nAbb\u00e9 Henri Gilliot<br \/>\nNathana\u00ebl.<\/p>\n","protected":false},"excerpt":{"rendered":"<p>Chers paroissiens, voici les annonces pour cette semaine : lundi 20, St Jean Kenty, messe \u00e0 18h30 suivie de l&rsquo;adoration mardi 21, St Mauront, messes \u00e0 9h et 18h30, adoration \u00e0 8h et 20h mercredi 22, St Jean Paul II,&#8230;<br \/><a class=\"read-more-button\" href=\"https:\/\/paroisse-saint-charles.fr\/WordPress3\/2025\/10\/annonces-du-dimanche-19-octobre\/\">Savoir plus<\/a><\/p>\n","protected":false},"author":4,"featured_media":0,"comment_status":"closed","ping_status":"closed","sticky":false,"template":"","format":"standard","meta":{"footnotes":""},"categories":[8,11],"tags":[],"class_list":["post-10951","post","type-post","status-publish","format-standard","hentry","category-homepage","category-newsletter"],"jetpack_featured_media_url":"","_links":{"self":[{"href":"https:\/\/paroisse-saint-charles.fr\/WordPress3\/wp-json\/wp\/v2\/posts\/10951","targetHints":{"allow":["GET"]}}],"collection":[{"href":"https:\/\/paroisse-saint-charles.fr\/WordPress3\/wp-json\/wp\/v2\/posts"}],"about":[{"href":"https:\/\/paroisse-saint-charles.fr\/WordPress3\/wp-json\/wp\/v2\/types\/post"}],"author":[{"embeddable":true,"href":"https:\/\/paroisse-saint-charles.fr\/WordPress3\/wp-json\/wp\/v2\/users\/4"}],"replies":[{"embeddable":true,"href":"https:\/\/paroisse-saint-charles.fr\/WordPress3\/wp-json\/wp\/v2\/comments?post=10951"}],"version-history":[{"count":3,"href":"https:\/\/paroisse-saint-charles.fr\/WordPress3\/wp-json\/wp\/v2\/posts\/10951\/revisions"}],"predecessor-version":[{"id":10954,"href":"https:\/\/paroisse-saint-charles.fr\/WordPress3\/wp-json\/wp\/v2\/posts\/10951\/revisions\/10954"}],"wp:attachment":[{"href":"https:\/\/paroisse-saint-charles.fr\/WordPress3\/wp-json\/wp\/v2\/media?parent=10951"}],"wp:term":[{"taxonomy":"category","embeddable":true,"href":"https:\/\/paroisse-saint-charles.fr\/WordPress3\/wp-json\/wp\/v2\/categories?post=10951"},{"taxonomy":"post_tag","embeddable":true,"href":"https:\/\/paroisse-saint-charles.fr\/WordPress3\/wp-json\/wp\/v2\/tags?post=10951"}],"curies":[{"name":"wp","href":"https:\/\/api.w.org\/{rel}","templated":true}]}}