{"id":10968,"date":"2025-11-17T11:34:12","date_gmt":"2025-11-17T10:34:12","guid":{"rendered":"https:\/\/paroisse-saint-charles.fr\/WordPress3\/?p=10968"},"modified":"2025-11-17T11:39:16","modified_gmt":"2025-11-17T10:39:16","slug":"annonces-du-dimanche-16-novembre","status":"publish","type":"post","link":"https:\/\/paroisse-saint-charles.fr\/WordPress3\/2025\/11\/annonces-du-dimanche-16-novembre\/","title":{"rendered":"Annonces du dimanche 16 novembre"},"content":{"rendered":"<p>Chers paroissiens,<\/p>\n<p>voici les annonces de cette semaine :<\/p>\n<ul>\n<li><strong data-start=\"117\" data-end=\"129\">Lundi 17<\/strong> \u2013 Saint Gr\u00e9goire le Thaumaturge : messe \u00e0 18h30 suivie de l&rsquo;adoration<\/li>\n<li><strong data-start=\"197\" data-end=\"209\">Mardi 18<\/strong> \u2013 D\u00e9dicace des Basiliques Saint-Pierre et Saint-Paul : messe \u00e0 18h30 (pas d&rsquo;adoration ni de messe le matin)<\/li>\n<li><strong data-start=\"276\" data-end=\"291\">Mercredi 19<\/strong> \u2013 Sainte \u00c9lisabeth de Hongrie : messes \u00e0 10h30 et 18h30, adoration \u00e0 9h30.<\/li>\n<li><strong data-start=\"385\" data-end=\"397\">Jeudi 20<\/strong> \u2013 Saint F\u00e9lix de Valois : messes \u00e0 12h15 et 18h30, adoration \u00e0 11h15.r\n<ul>\n<li>r\u00e9p\u00e9tition de chorale \u00e0 20h : la chorale recrute des hommes, des t\u00e9nors en particuliers !<\/li>\n<li>cat\u00e9chisme pour adultes \u00e0 20h<\/li>\n<\/ul>\n<\/li>\n<li><strong data-start=\"447\" data-end=\"462\">Vendredi 21<\/strong> \u2013 Pr\u00e9sentation de la Bienheureuse Vierge Marie : messes \u00e0 7h15 et 18h30, Heure Sainte \u00e0 15h,\n<ul>\n<li>maraude \u00e0 20h30 : l&rsquo;\u00e9quipe de maraudes sollicites votre aide (en plus de votre pr\u00e9sence !) via gants\/bonnets\/\u00e9charpes, \u00e0 d\u00e9poser dans la commode au fond de l&rsquo;\u00e9glise.<\/li>\n<\/ul>\n<\/li>\n<li><strong data-start=\"523\" data-end=\"536\">Samedi 22<\/strong> \u2013 Sainte C\u00e9cile : messes \u00e0 12h15 et 18h30, adoration \u00e0 8h30. Cours de cat\u00e9chisme de pr\u00e9paration \u00e0 la premi\u00e8re communion et \u00e0 la confirmation pour ceux qui ne peuvent pas venir en semaine. contactez l&rsquo;abb\u00e9 Vincent Marie-Jeanne (07 62 08 89 82)<\/li>\n<li><strong data-start=\"585\" data-end=\"600\">Dimanche 23<\/strong> \u2013 24\u1d49 et dernier dimanche apr\u00e8s la Pentec\u00f4te : messes \u00e0 9h et 10h30, v\u00eapres \u00e0 18h suivies de l&rsquo;adoration \u00e0 18h30.<\/li>\n<\/ul>\n<p>Notez ces quelques dates :<\/p>\n<ul>\n<li>R\u00e9union d\u2019information sur le Coll\u00e8ge Bx Abb\u00e9 Fouque le mardi 18 novembre \u00e0 20h, 14 rue El\u00e9mir Bourge.<\/li>\n<li>R\u00e9union d&rsquo;Alliance Vita Jeune au Sacr\u00e9-Coeur mercredi 19 novembre \u00e0 19h30.<\/li>\n<li>Braderie des s\u0153urs Clarisses (rue Wulfram Puget) les 21\/22\/23 novembre.<\/li>\n<li><a href=\"https:\/\/www.jesus-messie.org\/evenements\/inscription\/116\">Forum J\u00e9sus le Messie<\/a> les 22 et 23 novembre \u00e0 Toulon<\/li>\n<li>Formation dioc\u00e9saine pour les chantres et choristes \u00e0 St Joseph de Cluny de 10h \u00e0 17h<\/li>\n<li>L&rsquo;\u00e9cole St Ser vous proposera \u00e0 la sortie de la messe du dimanche 23 novembre quelques cartes de No\u00ebl, du bl\u00e9 de la Ste Barbe&#8230;<\/li>\n<li>March\u00e9 de No\u00ebl de l&rsquo;\u00e9cole Bx Abb\u00e9 Fouque le samedi 29 novembre de 11h \u00e0 18h. Vous pouvez d\u00e8s maintenant <a href=\"https:\/\/www.helloasso.com\/associations\/afem\/boutiques\/vente-sapins\">r\u00e9server votre sapin de No\u00ebl<\/a> !<\/li>\n<li>Veill\u00e9e pour la vie \u00e0 St Barnab\u00e9 le samedi 28 novembre \u00e0 20h.<\/li>\n<li><em>Montage de la cr\u00e8che<\/em> le samedi 28 novembre.<\/li>\n<li><a href=\"https:\/\/misericordedivine.fr\/activites\/recollection-de-l-avent\/\">R\u00e9collection pour \u00e9tudiants et jeunes pros<\/a> au Barroux les 28\/29 novembre.<\/li>\n<li><strong>Exposition d\u2019Art sur le th\u00e8me <em>Dieu et le f\u00e9minin<\/em><\/strong> du 8 au 12 d\u00e9cembre dans l\u2019\u00e9glise Saint-Charles.\n<ul>\n<li>Si vous souhaitez <strong>exposer<\/strong>, contactez l\u2019abb\u00e9 Vincent Marie-Jeanne (07 62 08 89 82).<\/li>\n<li>Nous recherchons \u00e9galement des <a href=\"https:\/\/docs.google.com\/spreadsheets\/d\/1Lu7pDDBYzXHglqiZqDA20yk_-xYSfFNWY2jqN2vMxZ4\/edit?usp=sharing\"><strong>b\u00e9n\u00e9voles pour assurer une pr\u00e9sence<\/strong> et garder l\u2019exposition<\/a>. Contactez l\u2019abb\u00e9 Vincent Marie-Jeanne.<\/li>\n<\/ul>\n<\/li>\n<\/ul>\n<p>Notez les dates du <strong>camp Ski Karol du 22 au 28 f\u00e9vrier<\/strong> !<\/p>\n<p>R\u00e9collection paroissiale les 14 et 14 mars prochain.<\/p>\n<p>La <span style=\"color: #ff0000;\"><strong>c\u00e9r\u00e9monie des confirmations aura lieu le dimanche 3 mai<\/strong><\/span> !<\/p>\n<p>En pr\u00e9vision de No\u00ebl, la chorale recrute des choristes. Contactez-nous.<\/p>\n<p>Ceux qui avaient pr\u00e9command\u00e9s un missel des fid\u00e8les peuvent venir le r\u00e9cup\u00e9rer aupr\u00e8s de l\u2019abb\u00e9 Gillet (06 74 65 73 51). Pensez \u00e0 marquer vos missels \u00e0 votre nom !<\/p>\n<p>S\u2019il y a des <strong>organistes<\/strong> (en herbe, ou confirm\u00e9s !) qui souhaitent s\u2019initier \u00e0 l\u2019accompagnement de la messe, qu\u2019ils n\u2019h\u00e9sitent pas \u00e0 se faire connaitre aupr\u00e8s d\u2019un de nos organistes !<\/p>\n<p>&nbsp;<\/p>\n<p>En pr\u00e9vision de l\u2019ouverture de l\u2019extension de la prison des Baumettes, l\u2019<strong>\u00e9quipe d\u2019aum\u00f4nerie des prisons cherche de ne nouveaux visiteurs<\/strong>. Contactez l\u2019abb\u00e9 Vincent Marie-Jeanne.<\/p>\n<p>Nous vous encourageons \u00e0 \u00eatre une <strong>pr\u00e9sence active<\/strong> si vous vous \u00eates inscrits sur un des sous-groupes WhatsApp de la communaut\u00e9 paroissiale (fleurs, maraudes, permanences, accueil, m\u00e9nage&#8230;.<\/p>\n<p>En vous assurant de nos pri\u00e8res<\/p>\n<p>Abb\u00e9 Eloi Gillet<br \/>\nAbb\u00e9 Vincent Marie-Jeanne<br \/>\nAbb\u00e9 Henri Gilliot<br \/>\nNathana\u00ebl.<\/p>\n<p>&nbsp;<\/p>\n","protected":false},"excerpt":{"rendered":"<p>Chers paroissiens, voici les annonces de cette semaine : Lundi 17 \u2013 Saint Gr\u00e9goire le Thaumaturge : messe \u00e0 18h30 suivie de l&rsquo;adoration Mardi 18 \u2013 D\u00e9dicace des Basiliques Saint-Pierre et Saint-Paul : messe \u00e0 18h30 (pas d&rsquo;adoration ni de&#8230;<br \/><a class=\"read-more-button\" href=\"https:\/\/paroisse-saint-charles.fr\/WordPress3\/2025\/11\/annonces-du-dimanche-16-novembre\/\">Savoir plus<\/a><\/p>\n","protected":false},"author":8,"featured_media":0,"comment_status":"closed","ping_status":"closed","sticky":false,"template":"","format":"standard","meta":{"footnotes":""},"categories":[3,8,11,2],"tags":[],"class_list":["post-10968","post","type-post","status-publish","format-standard","hentry","category-actualite-du-diocese","category-homepage","category-newsletter","category-vie-de-la-paroisse"],"jetpack_featured_media_url":"","_links":{"self":[{"href":"https:\/\/paroisse-saint-charles.fr\/WordPress3\/wp-json\/wp\/v2\/posts\/10968","targetHints":{"allow":["GET"]}}],"collection":[{"href":"https:\/\/paroisse-saint-charles.fr\/WordPress3\/wp-json\/wp\/v2\/posts"}],"about":[{"href":"https:\/\/paroisse-saint-charles.fr\/WordPress3\/wp-json\/wp\/v2\/types\/post"}],"author":[{"embeddable":true,"href":"https:\/\/paroisse-saint-charles.fr\/WordPress3\/wp-json\/wp\/v2\/users\/8"}],"replies":[{"embeddable":true,"href":"https:\/\/paroisse-saint-charles.fr\/WordPress3\/wp-json\/wp\/v2\/comments?post=10968"}],"version-history":[{"count":4,"href":"https:\/\/paroisse-saint-charles.fr\/WordPress3\/wp-json\/wp\/v2\/posts\/10968\/revisions"}],"predecessor-version":[{"id":10973,"href":"https:\/\/paroisse-saint-charles.fr\/WordPress3\/wp-json\/wp\/v2\/posts\/10968\/revisions\/10973"}],"wp:attachment":[{"href":"https:\/\/paroisse-saint-charles.fr\/WordPress3\/wp-json\/wp\/v2\/media?parent=10968"}],"wp:term":[{"taxonomy":"category","embeddable":true,"href":"https:\/\/paroisse-saint-charles.fr\/WordPress3\/wp-json\/wp\/v2\/categories?post=10968"},{"taxonomy":"post_tag","embeddable":true,"href":"https:\/\/paroisse-saint-charles.fr\/WordPress3\/wp-json\/wp\/v2\/tags?post=10968"}],"curies":[{"name":"wp","href":"https:\/\/api.w.org\/{rel}","templated":true}]}}