{"id":10981,"date":"2025-12-01T12:05:23","date_gmt":"2025-12-01T11:05:23","guid":{"rendered":"https:\/\/paroisse-saint-charles.fr\/WordPress3\/?p=10981"},"modified":"2025-12-01T23:32:24","modified_gmt":"2025-12-01T22:32:24","slug":"annonces-du-dimanche-30-novembre-2025","status":"publish","type":"post","link":"https:\/\/paroisse-saint-charles.fr\/WordPress3\/2025\/12\/annonces-du-dimanche-30-novembre-2025\/","title":{"rendered":"Annonces du dimanche 30 novembre 2025"},"content":{"rendered":"<p>Chers paroissiens,<\/p>\n<p>voici les annonces pour cette semaine :<\/p>\n<ul>\n<li>lundi 1er d\u00e9cembre, St Charles de Foucauld, messe \u00e0 18h30 suivie de l&rsquo;adoration<\/li>\n<li>mardi 2, Ste Bibiane, messes \u00e0 9h et 18h30, adoration \u00e0 8h,<\/li>\n<li>mercredi 3, St Fran\u00e7ois Xavier, messes \u00e0 10h30 et 18h30, adoration \u00e0 9h30<\/li>\n<li>jeudi 4, St Pierre Chrysologue, messes \u00e0 12h15 et 18h30, adoration \u00e0 11h15\n<ul>\n<li>cat\u00e9chisme pour adultes \u00e0 20h<\/li>\n<li>r\u00e9p\u00e9tition de chorale \u00e0 20h<\/li>\n<\/ul>\n<\/li>\n<li>vendredi 5, Bx Jean Baptiste Fouque, messes \u00e0 7h15 et 18h30, Heure Sainte \u00e0 15h,\n<ul>\n<li>Premier vendredi du mois : Soir\u00e9e Mis\u00e9ricorde jusqu&rsquo;\u00e0 22h avec adoration confession,, chapelet, complies.<\/li>\n<\/ul>\n<\/li>\n<li>samedi 6, St Nicolas, messes \u00e0 12h15 et 18h30, adoration \u00e0 8h30<\/li>\n<li>dimanche 7, 2\u00e8 dimanche de l&rsquo;Avent, messes \u00e0 9h et 10h30, v\u00eapres et Salut \u00e0 18h\n<ul>\n<li>Concert de l&rsquo;Ensemble Meine Seele (une cantate de Bach) \u00e0 16h \u00e0 Saint-Charles<\/li>\n<li>A 17h, procession au d\u00e9part de la place Joseph Etienne (pr\u00e8s de l&rsquo;abbaye St Victor) vers la basilique ND de la Garde suivie d&rsquo;une action de gr\u00e2ce et d&rsquo;un spectacle son et lumi\u00e8re.<\/li>\n<\/ul>\n<\/li>\n<li>Lundi 8, f\u00eate de l&rsquo;Immacul\u00e9e Conception, messe chant\u00e9e \u00e0 18h30\n<ul>\n<li>vernissage de l&rsquo;exposition \u00ab\u00a0Dieu et le f\u00e9minin\u00a0\u00bb \u00e0 19h30.<\/li>\n<\/ul>\n<\/li>\n<li>exposition du lundi ! au samedi 13 d\u00e9cembre. Vous pouvez nous aider en venant assurer une pr\u00e9sence dans l&rsquo;eglise, soit aupr\u00e8s de la cr\u00e8che soir aupr\u00e8s de l&rsquo;exposition. <a href=\"https:\/\/docs.google.com\/spreadsheets\/d\/1Lu7pDDBYzXHglqiZqDA20yk_-xYSfFNWY2jqN2vMxZ4\/edit?gid=0#gid=0\">Remplissez alors ce document svp<\/a><\/li>\n<\/ul>\n<p>&nbsp;<\/p>\n<p><strong>Notez ces quelques dates :<\/strong><\/p>\n<ul>\n<li><strong>En pr\u00e9vision de No\u00ebl, la chorale recrute des choristes<\/strong>. Contactez-nous si vous \u00eates dispos\u00e9s \u00e0 renforcer les effectifs !<\/li>\n<li>Camp Ski Karol du 22 au 28 f\u00e9vrier !<\/li>\n<li>R\u00e9collection paroissiale les 14 et 15 mars prochain.<\/li>\n<li>La <strong>c\u00e9r\u00e9monie des confirmations aura lieu le dimanche 3 mai<\/strong> ! (r\u00e9collection du mercredi 29 avril au vendredi 1er mai)<\/li>\n<li>La c\u00e9r\u00e9monie des <strong>premi\u00e8res communions sera le dimanche 14 juin<\/strong> (r\u00e9collection le samedi 13 juin)<\/li>\n<li>La c\u00e9r\u00e9monie de <strong>profession de foi sera le dimanche 21 juin<\/strong> (r\u00e9collection du 18 au 20 juin).<\/li>\n<\/ul>\n<p>En vous assurant de nos pri\u00e8res<\/p>\n<p>Abb\u00e9 Eloi Gillet<br \/>\nAbb\u00e9 Vincent Marie-Jeanne<br \/>\nAbb\u00e9 Henri Gilliot<br \/>\nNathana\u00ebl.<\/p>\n","protected":false},"excerpt":{"rendered":"<p>Chers paroissiens, voici les annonces pour cette semaine : lundi 1er d\u00e9cembre, St Charles de Foucauld, messe \u00e0 18h30 suivie de l&rsquo;adoration mardi 2, Ste Bibiane, messes \u00e0 9h et 18h30, adoration \u00e0 8h, mercredi 3, St Fran\u00e7ois Xavier, messes&#8230;<br \/><a class=\"read-more-button\" href=\"https:\/\/paroisse-saint-charles.fr\/WordPress3\/2025\/12\/annonces-du-dimanche-30-novembre-2025\/\">Savoir plus<\/a><\/p>\n","protected":false},"author":4,"featured_media":0,"comment_status":"closed","ping_status":"closed","sticky":false,"template":"","format":"standard","meta":{"footnotes":""},"categories":[8,11],"tags":[],"class_list":["post-10981","post","type-post","status-publish","format-standard","hentry","category-homepage","category-newsletter"],"jetpack_featured_media_url":"","_links":{"self":[{"href":"https:\/\/paroisse-saint-charles.fr\/WordPress3\/wp-json\/wp\/v2\/posts\/10981","targetHints":{"allow":["GET"]}}],"collection":[{"href":"https:\/\/paroisse-saint-charles.fr\/WordPress3\/wp-json\/wp\/v2\/posts"}],"about":[{"href":"https:\/\/paroisse-saint-charles.fr\/WordPress3\/wp-json\/wp\/v2\/types\/post"}],"author":[{"embeddable":true,"href":"https:\/\/paroisse-saint-charles.fr\/WordPress3\/wp-json\/wp\/v2\/users\/4"}],"replies":[{"embeddable":true,"href":"https:\/\/paroisse-saint-charles.fr\/WordPress3\/wp-json\/wp\/v2\/comments?post=10981"}],"version-history":[{"count":2,"href":"https:\/\/paroisse-saint-charles.fr\/WordPress3\/wp-json\/wp\/v2\/posts\/10981\/revisions"}],"predecessor-version":[{"id":10983,"href":"https:\/\/paroisse-saint-charles.fr\/WordPress3\/wp-json\/wp\/v2\/posts\/10981\/revisions\/10983"}],"wp:attachment":[{"href":"https:\/\/paroisse-saint-charles.fr\/WordPress3\/wp-json\/wp\/v2\/media?parent=10981"}],"wp:term":[{"taxonomy":"category","embeddable":true,"href":"https:\/\/paroisse-saint-charles.fr\/WordPress3\/wp-json\/wp\/v2\/categories?post=10981"},{"taxonomy":"post_tag","embeddable":true,"href":"https:\/\/paroisse-saint-charles.fr\/WordPress3\/wp-json\/wp\/v2\/tags?post=10981"}],"curies":[{"name":"wp","href":"https:\/\/api.w.org\/{rel}","templated":true}]}}