{"id":11007,"date":"2026-01-18T23:45:49","date_gmt":"2026-01-18T22:45:49","guid":{"rendered":"https:\/\/paroisse-saint-charles.fr\/WordPress3\/?p=11007"},"modified":"2026-01-18T23:45:49","modified_gmt":"2026-01-18T22:45:49","slug":"annonces-du-dimanche-18-janvier-2026","status":"publish","type":"post","link":"https:\/\/paroisse-saint-charles.fr\/WordPress3\/2026\/01\/annonces-du-dimanche-18-janvier-2026\/","title":{"rendered":"Annonces du dimanche 18 janvier 2026"},"content":{"rendered":"<p>Chers paroissiens,<\/p>\n<p>voici les annonces pour cette semaine :<\/p>\n<ul>\n<li>lundi 19, de la f\u00e9rie, messe \u00e0 18h30 suivie de l&rsquo;adoration\n<ul>\n<li><strong>soir\u00e9e Alliance Vita \u00ab\u00a0Le corps dans tout ses \u00e9tats\u00a0\u00bb<\/strong> \u00e0 la crypte de la Basilique du Sacr\u00e9-Coeur (acc\u00e8s par la rue Saint Adrien) \u00e0 20h30. <a href=\"https:\/\/www.billetweb.fr\/universite-de-la-vie-2026-marseille-13\">Inscription ici<\/a>.<\/li>\n<\/ul>\n<\/li>\n<li>mardi 20, St Fabien et St S\u00e9bastien, messes \u00e0 9h et 18h30, adoration \u00e0 8h et 19h15.<\/li>\n<li>mercredi 21, St Agn\u00e8s, messes \u00e0 10h30 et 18h30, adoration \u00e0 9h30<\/li>\n<li>jeudi 22, St Vincent et St Athanase, messes \u00e0 12h15 et 18h30, adoration \u00e0 11h15\n<ul>\n<li><strong>messe de rentr\u00e9e du Tribunal de Commerce \u00e0 9h30<\/strong> c\u00e9l\u00e9br\u00e9e par le p\u00e8re Xavier Manzano<\/li>\n<\/ul>\n<\/li>\n<li>vendredi 23, St Raymond de Penafort, messes \u00e0 7h15 et 18h30, Heure Sainte \u00e0 15h, maraude \u00e0 20h30<\/li>\n<li>samedi 24, St Timoth\u00e9e, messes \u00e0 12h15 et 18h30, adoration \u00e0 8h30<\/li>\n<li>dimanche 25, 3\u00e8 dimanche apr\u00e8s l&rsquo;Epiphanie, messes \u00e0 9h et 10h30, pas de v\u00eapres ni d&rsquo;adoration.<\/li>\n<\/ul>\n<p>Il reste quelques places (surtout pour les filles) pour le <strong>Camp ski Verso l&rsquo;Alto<\/strong> encadr\u00e9 par les Missionnaires de la Mis\u00e9ricorde, du 22 au 28 f\u00e9vrier. <a href=\"https:\/\/misericordedivine.fr\/activites\/camp-ski\/\">Inscriptions ici<\/a>. Nous recherchons quelques grosses voitures pour le camp. Contacter l&rsquo;abb\u00e9 Gillet.<\/p>\n<p>Notez le p\u00e8lerinage des fianc\u00e9s organis\u00e9 par le dioc\u00e8se le samedi 14 mars vers ND de la Garde, de 10h \u00e0 12h30.<\/p>\n<p>La r\u00e9collection paroissiale se d\u00e9roulera le WE du 14\/14 mars \u00e0 la Seyne. Informations \u00e0 venir.<\/p>\n<p>En vous assurant de nos pri\u00e8res<\/p>\n<p>Abb\u00e9 Eloi Gillet<br \/>\nAbb\u00e9 Vincent Marie-Jeanne<br \/>\nAbb\u00e9 Henri Gilliot<br \/>\nNathana\u00ebl.<\/p>\n","protected":false},"excerpt":{"rendered":"<p>Chers paroissiens, voici les annonces pour cette semaine : lundi 19, de la f\u00e9rie, messe \u00e0 18h30 suivie de l&rsquo;adoration soir\u00e9e Alliance Vita \u00ab\u00a0Le corps dans tout ses \u00e9tats\u00a0\u00bb \u00e0 la crypte de la Basilique du Sacr\u00e9-Coeur (acc\u00e8s par la&#8230;<br \/><a class=\"read-more-button\" href=\"https:\/\/paroisse-saint-charles.fr\/WordPress3\/2026\/01\/annonces-du-dimanche-18-janvier-2026\/\">Savoir plus<\/a><\/p>\n","protected":false},"author":4,"featured_media":0,"comment_status":"closed","ping_status":"closed","sticky":false,"template":"","format":"standard","meta":{"footnotes":""},"categories":[8,11],"tags":[],"class_list":["post-11007","post","type-post","status-publish","format-standard","hentry","category-homepage","category-newsletter"],"jetpack_featured_media_url":"","_links":{"self":[{"href":"https:\/\/paroisse-saint-charles.fr\/WordPress3\/wp-json\/wp\/v2\/posts\/11007","targetHints":{"allow":["GET"]}}],"collection":[{"href":"https:\/\/paroisse-saint-charles.fr\/WordPress3\/wp-json\/wp\/v2\/posts"}],"about":[{"href":"https:\/\/paroisse-saint-charles.fr\/WordPress3\/wp-json\/wp\/v2\/types\/post"}],"author":[{"embeddable":true,"href":"https:\/\/paroisse-saint-charles.fr\/WordPress3\/wp-json\/wp\/v2\/users\/4"}],"replies":[{"embeddable":true,"href":"https:\/\/paroisse-saint-charles.fr\/WordPress3\/wp-json\/wp\/v2\/comments?post=11007"}],"version-history":[{"count":1,"href":"https:\/\/paroisse-saint-charles.fr\/WordPress3\/wp-json\/wp\/v2\/posts\/11007\/revisions"}],"predecessor-version":[{"id":11008,"href":"https:\/\/paroisse-saint-charles.fr\/WordPress3\/wp-json\/wp\/v2\/posts\/11007\/revisions\/11008"}],"wp:attachment":[{"href":"https:\/\/paroisse-saint-charles.fr\/WordPress3\/wp-json\/wp\/v2\/media?parent=11007"}],"wp:term":[{"taxonomy":"category","embeddable":true,"href":"https:\/\/paroisse-saint-charles.fr\/WordPress3\/wp-json\/wp\/v2\/categories?post=11007"},{"taxonomy":"post_tag","embeddable":true,"href":"https:\/\/paroisse-saint-charles.fr\/WordPress3\/wp-json\/wp\/v2\/tags?post=11007"}],"curies":[{"name":"wp","href":"https:\/\/api.w.org\/{rel}","templated":true}]}}