{"id":11010,"date":"2026-01-26T10:55:06","date_gmt":"2026-01-26T09:55:06","guid":{"rendered":"https:\/\/paroisse-saint-charles.fr\/WordPress3\/?p=11010"},"modified":"2026-01-26T10:58:42","modified_gmt":"2026-01-26T09:58:42","slug":"annonces-du-dimanche-25-janvier-2026","status":"publish","type":"post","link":"https:\/\/paroisse-saint-charles.fr\/WordPress3\/2026\/01\/annonces-du-dimanche-25-janvier-2026\/","title":{"rendered":"Annonces du dimanche 25 janvier 2026"},"content":{"rendered":"<p>Chers paroissiens,<\/p>\n<p>voici les annonces pour cette semaine :<\/p>\n<ul>\n<li>lundi 26, St Polycarpe, messe \u00e0 18h30 suivie de l\u2019adoration\n<ul>\n<li><strong>soir\u00e9e Alliance Vita \u00ab\u00a0Le corps dans tout ses \u00e9tats\u00a0\u00bb<\/strong> \u00e0 la crypte de la Basilique du Sacr\u00e9-Coeur (acc\u00e8s par la rue Saint Adrien) \u00e0 20h30. <a href=\"https:\/\/www.billetweb.fr\/universite-de-la-vie-2026-marseille-13\">Inscription ici<\/a>.<\/li>\n<\/ul>\n<\/li>\n<li>mardi 27, St Jean Chrysostome, messe \u00e0 18h30 (pas de messe \u00e0 9h)<\/li>\n<li>mercredi 28, St Pierre Nolasque, messes \u00e0 10h30 et 18h30, adoration \u00e0 9h30<\/li>\n<li>jeudi 29, St Fran\u00e7ois de Sales, messes \u00e0 12h15 et 18h30, adoration \u00e0 11h15<\/li>\n<li>vendredi 30, Ste Martine, messes \u00e0 7h15 et 18h30, Heure Sainte \u00e0 15h, maraude \u00e0 20h30<\/li>\n<li>samedi 31, St Jean Bosco, messes \u00e0 12h15 et 18h30, adoration \u00e0 8h30<\/li>\n<li>dimanche 1er f\u00e9vrier, Dimanche de la Septuag\u00e9sime, messes \u00e0 9h et 10h30, v\u00eapres et Salut \u00e0 18h. pensez \u00e0 rapporter vos rameaux b\u00e9nis de l&rsquo;an dernier.<\/li>\n<\/ul>\n<p>Nous recherchons toujours des <strong>b\u00e9n\u00e9voles pour assurer des permanences \u00e0 l&rsquo;\u00e9glise<\/strong>, notamment le jeudi de 12h45 \u00e0 15h, le vendredi de 11h \u00e0 13h et de 13h \u00e0 15h. Contactez nous.<\/p>\n<p>Il reste quelques places (surtout pour les filles) pour le <strong>Camp ski Verso l\u2019Alto<\/strong> encadr\u00e9 par les Missionnaires de la Mis\u00e9ricorde, du 22 au 28 f\u00e9vrier. <a href=\"https:\/\/misericordedivine.fr\/activites\/camp-ski\/\">Inscriptions ici<\/a>. <strong>Nous recherchons quelques grosses voitures pour le camp<\/strong>. Contacter l\u2019abb\u00e9 Gillet.<\/p>\n<ul>\n<li dir=\"auto\">Les <strong>ateliers parents \/ enfants Com&rsquo; je t&rsquo;aime<\/strong> sont de retour \u00e0 Marseille ! Une matin\u00e9e pour prendre un temps de qualit\u00e9 avec son fils ou sa fille de CM2 ou 6\u00e8me pour :\n<ul>\n<li dir=\"auto\">* donner du sens aux changements de la pubert\u00e9<\/li>\n<li dir=\"auto\">* d\u00e9couvrir des cl\u00e9s pour faire grandir son c\u0153ur, saisir l&rsquo;importance de l&rsquo;amiti\u00e9.<\/li>\n<li dir=\"auto\">* Une parole belle, d\u00e9licate, respectueuse de la maturit\u00e9 de l&rsquo;enfant<\/li>\n<li dir=\"auto\">Samedi 7 f\u00e9vrier de 9h30 \u00e0 12h &#8211; Paroisse St Charles<\/li>\n<li dir=\"auto\">Inscription pour les gar\u00e7ons :\u00a0<a href=\"http:\/\/xqlgr.mjt.lu\/lnk\/AVQAAIuUWxkAAAAAAAAAAEfOkscAAAABIgkAAAAAABZS-wBpb1jdVjs7QaEqS0S4uFoBUKFJ0QAV_wM\/1\/CsRUu3Q-Lb3Y6Wm4_Jdnlg\/aHR0cHM6Ly9jb20tamUtdC1haW1lLmFzc29jb25uZWN0LmNvbS9jb2xsZWN0L2Rlc2NyaXB0aW9uLzY2NjExMy1jLWF0ZWxpZXItZHUtY29ldXItZ2FyY29ucy1tYXJzZWlsbGUtNy1mZXZyaWVyLTIwMjY\" target=\"_blank\" rel=\"noopener noreferrer\">https:\/\/com-je-t-aime.assoconnect.com\/collect\/description\/666113-c-atelier-du-coeur-garcons-marseille-7-fevrier-2026<\/a><\/li>\n<li dir=\"auto\">Inscription pour les filles: <a href=\"http:\/\/xqlgr.mjt.lu\/lnk\/AVQAAIuUWxkAAAAAAAAAAEfOkscAAAABIgkAAAAAABZS-wBpb1jdVjs7QaEqS0S4uFoBUKFJ0QAV_wM\/2\/0yZNiRLEiaSmrkbtMvq7gw\/aHR0cHM6Ly9jb20tamUtdC1haW1lLmFzc29jb25uZWN0LmNvbS9jb2xsZWN0L2Rlc2NyaXB0aW9uLzY2NjE0OC1jLWF0ZWxpZXItZHUtY29ldXItZmlsbGVzLW1hcnNlaWxsZS03LWZldnJpZXItMjAyNg\" target=\"_blank\" rel=\"noopener noreferrer\">https:\/\/com-je-t-aime.assoconnect.com\/collect\/description\/666148-c-atelier-du-coeur-filles-marseille-7-fevrier-2026<\/a><\/li>\n<\/ul>\n<\/li>\n<li>Notez le p\u00e8lerinage des fianc\u00e9s organis\u00e9 par le dioc\u00e8se le samedi 14 mars vers ND de la Garde, de 10h \u00e0 12h30.<\/li>\n<li>La r\u00e9collection paroissiale se d\u00e9roulera le WE du 14\/14 mars \u00e0 la Seyne. Informations \u00e0 venir.<\/li>\n<\/ul>\n<p>&nbsp;<\/p>\n<p class=\"text-build-content\">Le 21 janvier, le S\u00e9nat a profond\u00e9ment modifi\u00e9 la proposition de loi dite \u00ab d\u2019aide \u00e0 mourir \u00bb. Ont notamment \u00e9t\u00e9 supprim\u00e9s : la l\u00e9galisation du geste l\u00e9tal et les crit\u00e8res de l\u2019\u00ab aide \u00e0 mourir \u00bb. Le texte, certes imparfait, r\u00e9affirme l\u2019interdit fondamental de tuer et recentre la r\u00e9ponse sur l\u2019accompagnement et les soins.<br \/>\nC&rsquo;est clairement le fruit de votre mobilisation et c\u2019est une digue salutaire. Merci ! Elle ne sera efficace que si le S\u00e9nat vote cette version en vote solennel le mercredi 28 janvier. <b>Pourquoi la mobilisation doit continuer ? <\/b>Rien n\u2019est acquis. Les \u00e9quilibres peuvent bouger au moment du vote solennel. Et surtout, le risque est clair : si le S\u00e9nat ne vote pas ce texte, la navette parlementaire repartira en f\u00e9vrier \u00e0 l\u2019Assembl\u00e9e nationale sur la base de la version de mai, le texte le plus transgressif au monde. Les d\u00e9put\u00e9s auraient alors les coud\u00e9es franches. L\u2019alerte a d\u2019ailleurs \u00e9t\u00e9 donn\u00e9e sans d\u00e9tour par Ya\u00ebl Braun-Pivet, partisane assum\u00e9e de l\u2019euthanasie : si le S\u00e9nat \u00e9choue, le texte de l\u2019Assembl\u00e9e reviendra tel quel d\u00e8s la mi-f\u00e9vrier. Le passage en force est une option r\u00e9elle. <b>Ce que nous vous demandons aujourd\u2019hui : <\/b><b>Le cap a chang\u00e9. Il ne s\u2019agit plus de dire \u00ab ne votez pas ce texte \u00bb, mais d\u2019encourager les s\u00e9nateurs \u00e0 voter le texte issu de leurs d\u00e9bats.<\/b>Votre action est simple, rapide et d\u00e9cisive :<\/p>\n<p class=\"text-build-content\"><b>\u00c9crivez d\u00e8s maintenant aux s\u00e9nateurs \u00a0pour les remercier du travail accompli et les encourager \u00e0 adopter le texte en vote solennel le 28 janvier.<\/b><\/p>\n<p class=\"text-build-content\">Une majorit\u00e9 de voix est n\u00e9cessaire. Chaque message compte.<\/p>\n<p class=\"text-build-content\"><b>\u27a1\ufe0f Utilisez\u00a0 l&rsquo;outil d\u2019interpellation des s\u00e9nateurs pour les choisir et avoir une base de message : <a href=\"https:\/\/elus.toutmaispasca.org\/ecrire\/\">https:\/\/elus.toutmaispasca.org\/ecrire\/<\/a><\/b><\/p>\n<p class=\"text-build-content\">Point d\u2019attention : <b>privil\u00e9giez les s\u00e9nateurs de votre d\u00e9partement de ces trois groupes politiques, essentiels pour obtenir une majorit\u00e9<\/b> :<\/p>\n<ul>\n<li>Les R\u00e9publicains,<\/li>\n<li>Union centriste,<\/li>\n<li>Les Ind\u00e9pendants R\u00e9publique et Territoires<\/li>\n<\/ul>\n<p>&nbsp;<\/p>\n<p>En vous assurant de nos pri\u00e8res<\/p>\n<p>Abb\u00e9 Eloi Gillet<br \/>\nAbb\u00e9 Vincent Marie-Jeanne<br \/>\nAbb\u00e9 Henri Gilliot<br \/>\nNathana\u00ebl.<\/p>\n<p>&nbsp;<\/p>\n","protected":false},"excerpt":{"rendered":"<p>Chers paroissiens, voici les annonces pour cette semaine : lundi 26, St Polycarpe, messe \u00e0 18h30 suivie de l\u2019adoration soir\u00e9e Alliance Vita \u00ab\u00a0Le corps dans tout ses \u00e9tats\u00a0\u00bb \u00e0 la crypte de la Basilique du Sacr\u00e9-Coeur (acc\u00e8s par la rue&#8230;<br \/><a class=\"read-more-button\" href=\"https:\/\/paroisse-saint-charles.fr\/WordPress3\/2026\/01\/annonces-du-dimanche-25-janvier-2026\/\">Savoir plus<\/a><\/p>\n","protected":false},"author":4,"featured_media":0,"comment_status":"closed","ping_status":"closed","sticky":false,"template":"","format":"standard","meta":{"footnotes":""},"categories":[8,11],"tags":[],"class_list":["post-11010","post","type-post","status-publish","format-standard","hentry","category-homepage","category-newsletter"],"jetpack_featured_media_url":"","_links":{"self":[{"href":"https:\/\/paroisse-saint-charles.fr\/WordPress3\/wp-json\/wp\/v2\/posts\/11010","targetHints":{"allow":["GET"]}}],"collection":[{"href":"https:\/\/paroisse-saint-charles.fr\/WordPress3\/wp-json\/wp\/v2\/posts"}],"about":[{"href":"https:\/\/paroisse-saint-charles.fr\/WordPress3\/wp-json\/wp\/v2\/types\/post"}],"author":[{"embeddable":true,"href":"https:\/\/paroisse-saint-charles.fr\/WordPress3\/wp-json\/wp\/v2\/users\/4"}],"replies":[{"embeddable":true,"href":"https:\/\/paroisse-saint-charles.fr\/WordPress3\/wp-json\/wp\/v2\/comments?post=11010"}],"version-history":[{"count":4,"href":"https:\/\/paroisse-saint-charles.fr\/WordPress3\/wp-json\/wp\/v2\/posts\/11010\/revisions"}],"predecessor-version":[{"id":11014,"href":"https:\/\/paroisse-saint-charles.fr\/WordPress3\/wp-json\/wp\/v2\/posts\/11010\/revisions\/11014"}],"wp:attachment":[{"href":"https:\/\/paroisse-saint-charles.fr\/WordPress3\/wp-json\/wp\/v2\/media?parent=11010"}],"wp:term":[{"taxonomy":"category","embeddable":true,"href":"https:\/\/paroisse-saint-charles.fr\/WordPress3\/wp-json\/wp\/v2\/categories?post=11010"},{"taxonomy":"post_tag","embeddable":true,"href":"https:\/\/paroisse-saint-charles.fr\/WordPress3\/wp-json\/wp\/v2\/tags?post=11010"}],"curies":[{"name":"wp","href":"https:\/\/api.w.org\/{rel}","templated":true}]}}