{"id":11061,"date":"2026-08-31T18:12:48","date_gmt":"2026-08-31T16:12:48","guid":{"rendered":"https:\/\/paroisse-saint-charles.fr\/WordPress3\/?p=11061"},"modified":"2026-08-31T18:13:50","modified_gmt":"2026-08-31T16:13:50","slug":"annonces-du-dimanche-30-aout-2026","status":"publish","type":"post","link":"https:\/\/paroisse-saint-charles.fr\/WordPress3\/2026\/08\/annonces-du-dimanche-30-aout-2026\/","title":{"rendered":"Annonces du dimanche 30 ao\u00fbt 2026"},"content":{"rendered":"<p>Chers paroissiens<br \/>\nvoici les annonces pour cette semaine :<\/p>\n<ul>\n<li>lundi 31 ao\u00fbt, St Lazare patron du dioc\u00e8se de Marseille, messe \u00e0 18h30 suivie de l\u2019adoration<\/li>\n<li>mardi 1er septembre, de la f\u00e9rie, messe \u00e0 18h30 suivie de l\u2019adoration<\/li>\n<li>mercredi 2, St Etienne de Hongrie, messe \u00e0 10h30, adoration \u00e0 9h30<\/li>\n<li>jeudi 3, St Pie X, messe \u00e0 12h15, adoration \u00e0 11h15<br \/>\n&#8211; <strong>reprise des r\u00e9p\u00e9titions de chorale<\/strong> : RDV \u00e0 20h au 17 rue Breteuil.<\/li>\n<li>vendredi 4, <strong>premier vendredi du mois<\/strong>, St \u00e9v\u00eaques de Marseille, messe \u00e0 18h30, Heure Sainte \u00e0 15h, Soir\u00e9e Mis\u00e9ricorde : Adoration et confession de 19h15 \u00e0 22h, pr\u00e9dication, chapelet, complies\n<ul>\n<li>reprise des <strong>maraudes du vendredi soir<\/strong> : rdv \u00e0 20h30 \u00e0 l&rsquo;\u00e9glise.<\/li>\n<\/ul>\n<\/li>\n<li>samedi 5, premier samedi du mois, St Laurent Justinien, messes \u00e0 12h15 et 18h30, adoration \u00e0 8h30<\/li>\n<li>Dimanche 6 septembre, 15\u00e8 dimanche apr\u00e8s la Pentec\u00f4te, messes \u00e0 9h et 10h30, pas de v\u00eapres ni d\u2019adoration \u00e0 18h mais Grand messe de Rentr\u00e9e du dioc\u00e8se \u00e0 la Major autour de l\u2019archev\u00eaque.<\/li>\n<\/ul>\n<p><strong>Notez ces quelques dates : <\/strong><\/p>\n<ul>\n<li>rentr\u00e9e du cat\u00e9chisme le mardi 15 septembre \u00e0 17h15 pour les coll\u00e9giens<\/li>\n<li>rentr\u00e9e du cat\u00e9chisme pour les primaires le mercredi 16 septembre \u00e0 10h30<\/li>\n<li>rentr\u00e9e de l\u2019aum\u00f4nerie pour les lyc\u00e9ens le mercredi 16 septembre.<br \/>\n<a href=\"https:\/\/paroisse-saint-charles.fr\/WordPress3\/formulaire-dinscription-au-catechisme\/\">Pensez d\u00e8s \u00e0 pr\u00e9sent \u00e0 inscrire vos enfants !<\/a><\/li>\n<li>rentr\u00e9e du cat\u00e9chisme pour adultes (deux niveaux : un niveau pour les cat\u00e9chum\u00e8ne\/n\u00e9ophyte et recommen\u00e7ants et un niveau de perfectionnement par session).<\/li>\n<li><strong>Repas paroissial partag\u00e9 de rentr\u00e9e le dimanche 20 septembre<\/strong> \u00e0 la salle St Philippe au 88 rue Jules Moulet.<\/li>\n<li>Et \u00e9videmment la venue du pape L\u00e9on XIV \u00e0 Parie et Lourdes. <a href=\"https:\/\/diocese-marseille.fr\/pelerinage-a-paris-a-loccasion-de-la-venue-du-pape-leon-xiv-en-france\/\">renseignement et inscription via l\u2019organisation du dioc\u00e8se de Marseille<\/a>.<\/li>\n<\/ul>\n<p>Bienvenue aux nouveaux arrivants ! Qu\u2019ils n\u2019h\u00e9sitent pas \u00e0 venir se pr\u00e9senter aupr\u00e8s d\u2019un des abb\u00e9s. Nous serons heureux de venir b\u00e9nir leur habitation et partager un moment.<\/p>\n<p>Nous vous invitons tous \u00e0 aller parcourir les diff\u00e9rentes propositions d\u2019activit\u00e9s et de services au sein de la paroisse (accueil, permanence, fleur, chorale, organiste, sacristain, cat\u00e9chisme, service ap\u00e9ro, grands clercs, maraudes, garderie, m\u00e9nage, service d\u2019ordre, communication, couture \u2026) de la paroisse.<br \/>\n<a href=\"https:\/\/paroisse-saint-charles.fr\/WordPress3\/fraternite-cor-unum\/\">Vous pouvez vous inscrire aux fraternit\u00e9s Cor Unum<\/a> ! Afin de facilit\u00e9 la constitution des \u00e9quipes, essayez dans la mesure du possible de proposer plusieurs jours de la semaine o\u00f9 vous pourriez vous rendre disponible.<\/p>\n<p>Les scouts d\u2019Europe recherchent des chefs pour permettre la poursuite des activit\u00e9s de plusieurs unit\u00e9s. \u00e9crivez \u00e0 contact-marseille@scouts-europe.org.<\/p>\n<p>En vous assurant de nos pri\u00e8res pour cette nouvelle ann\u00e9e scolaire<\/p>\n<p>Abb\u00e9 Eloi Gillet<br \/>\nAbb\u00e9 Martial Pinoteau<br \/>\nAbb\u00e9 Henri Gilliot<br \/>\nGr\u00e9goire<\/p>\n","protected":false},"excerpt":{"rendered":"<p>Chers paroissiens voici les annonces pour cette semaine : lundi 31 ao\u00fbt, St Lazare patron du dioc\u00e8se de Marseille, messe \u00e0 18h30 suivie de l\u2019adoration mardi 1er septembre, de la f\u00e9rie, messe \u00e0 18h30 suivie de l\u2019adoration mercredi 2, St&#8230;<br \/><a class=\"read-more-button\" href=\"https:\/\/paroisse-saint-charles.fr\/WordPress3\/2026\/08\/annonces-du-dimanche-30-aout-2026\/\">Savoir plus<\/a><\/p>\n","protected":false},"author":4,"featured_media":0,"comment_status":"closed","ping_status":"closed","sticky":false,"template":"","format":"standard","meta":{"footnotes":""},"categories":[8,11],"tags":[],"class_list":["post-11061","post","type-post","status-publish","format-standard","hentry","category-homepage","category-newsletter"],"jetpack_featured_media_url":"","_links":{"self":[{"href":"https:\/\/paroisse-saint-charles.fr\/WordPress3\/wp-json\/wp\/v2\/posts\/11061","targetHints":{"allow":["GET"]}}],"collection":[{"href":"https:\/\/paroisse-saint-charles.fr\/WordPress3\/wp-json\/wp\/v2\/posts"}],"about":[{"href":"https:\/\/paroisse-saint-charles.fr\/WordPress3\/wp-json\/wp\/v2\/types\/post"}],"author":[{"embeddable":true,"href":"https:\/\/paroisse-saint-charles.fr\/WordPress3\/wp-json\/wp\/v2\/users\/4"}],"replies":[{"embeddable":true,"href":"https:\/\/paroisse-saint-charles.fr\/WordPress3\/wp-json\/wp\/v2\/comments?post=11061"}],"version-history":[{"count":3,"href":"https:\/\/paroisse-saint-charles.fr\/WordPress3\/wp-json\/wp\/v2\/posts\/11061\/revisions"}],"predecessor-version":[{"id":11064,"href":"https:\/\/paroisse-saint-charles.fr\/WordPress3\/wp-json\/wp\/v2\/posts\/11061\/revisions\/11064"}],"wp:attachment":[{"href":"https:\/\/paroisse-saint-charles.fr\/WordPress3\/wp-json\/wp\/v2\/media?parent=11061"}],"wp:term":[{"taxonomy":"category","embeddable":true,"href":"https:\/\/paroisse-saint-charles.fr\/WordPress3\/wp-json\/wp\/v2\/categories?post=11061"},{"taxonomy":"post_tag","embeddable":true,"href":"https:\/\/paroisse-saint-charles.fr\/WordPress3\/wp-json\/wp\/v2\/tags?post=11061"}],"curies":[{"name":"wp","href":"https:\/\/api.w.org\/{rel}","templated":true}]}}