{"id":336,"date":"2014-09-29T21:37:23","date_gmt":"2014-09-29T21:37:23","guid":{"rendered":"http:\/\/www.paroisse-saint-charles.fr\/?p=336"},"modified":"2014-09-30T18:45:54","modified_gmt":"2014-09-30T18:45:54","slug":"pique-nique-rentree-messe-au-revoir-mgr-ellul","status":"publish","type":"post","link":"https:\/\/paroisse-saint-charles.fr\/WordPress3\/2014\/09\/pique-nique-rentree-messe-au-revoir-mgr-ellul\/","title":{"rendered":"Pique-nique de rentr\u00e9e et messe d\u2019au-revoir de Mgr Ellul"},"content":{"rendered":"<p style=\"text-align: justify;\"><img loading=\"lazy\" decoding=\"async\" class=\"size-medium wp-image-339 alignright\" src=\"http:\/\/paroisse-saint-charles.fr\/WordPress3\/wp-content\/uploads\/2014\/09\/sortie-messe-300x169.jpg\" alt=\"sortie messe\" width=\"300\" height=\"169\" data-id=\"339\" srcset=\"https:\/\/paroisse-saint-charles.fr\/WordPress3\/wp-content\/uploads\/2014\/09\/sortie-messe-300x169.jpg 300w, https:\/\/paroisse-saint-charles.fr\/WordPress3\/wp-content\/uploads\/2014\/09\/sortie-messe-1024x579.jpg 1024w, https:\/\/paroisse-saint-charles.fr\/WordPress3\/wp-content\/uploads\/2014\/09\/sortie-messe-600x339.jpg 600w, https:\/\/paroisse-saint-charles.fr\/WordPress3\/wp-content\/uploads\/2014\/09\/sortie-messe-956x540.jpg 956w\" sizes=\"auto, (max-width: 300px) 100vw, 300px\" \/>L\u2019\u00e9t\u00e9 a \u00e9t\u00e9 l\u2019occasion de nombreux changements \u00e0 la paroisse Saint-Charles. Plusieurs familles ont d\u00e9m\u00e9nag\u00e9. D\u2019autres, en plus grand nombre, sont arriv\u00e9es\u00a0! Les pasteurs de la communaut\u00e9 aussi ont chang\u00e9 ou ont pris de nouvelles responsabilit\u00e9s. La messe et le pique-nique de rentr\u00e9e \u00e9taient donc l\u2019occasion d\u2019accueillir les nouveaux et de saluer et de remercier ceux qui nous quittent. Monseigneur Ellul, cur\u00e9 de Saint-Charles pendant les sept derni\u00e8res ann\u00e9es passe le flambeau \u00e0 l\u2019abb\u00e9 Gillet. Monseigneur Ellul a c\u00e9l\u00e9br\u00e9 pour l&rsquo;occasion une grand-messe solennelle \u00e0 Saint-Charles. Retrouvez <a href=\"http:\/\/www.paroisse-saint-charles.fr\/2014\/09\/homelie-au-revoir-mgr-ellul\/\">ici son hom\u00e9lie<\/a> o\u00f9 il retrace l\u2019histoire de la paroisse. En remerciements pour toutes ces ann\u00e9es au service de Saint-Charles, la paroisse lui offre un reliquaire \u00e0 paperolles des Carm\u00e9lites de Bagn\u00e8res-de-Bigorre.<\/p>\n<p style=\"text-align: justify;\">Mgr Pontier lui a adress\u00e9 ces quelques mots apr\u00e8s la messe de rentr\u00e9e\u00a0: \u00ab\u00a0(&#8230;) Je vous redis ma profonde reconnaissance pour avoir accept\u00e9 cette mission&#8230; Portons dans la pri\u00e8re cette communaut\u00e9 qui se rassemble \u00e0 St Charles et les pr\u00eatres \u00e0 son service.\u00a0\u00bb<\/p>\n<p style=\"text-align: justify;\"><img loading=\"lazy\" decoding=\"async\" class=\"wp-image-346 alignright\" src=\"http:\/\/paroisse-saint-charles.fr\/WordPress3\/wp-content\/uploads\/2014\/09\/IMG_20140921_144245-300x225.jpg\" alt=\"IMG_20140921_144245\" width=\"244\" height=\"183\" data-id=\"346\" srcset=\"https:\/\/paroisse-saint-charles.fr\/WordPress3\/wp-content\/uploads\/2014\/09\/IMG_20140921_144245-300x225.jpg 300w, https:\/\/paroisse-saint-charles.fr\/WordPress3\/wp-content\/uploads\/2014\/09\/IMG_20140921_144245-1024x768.jpg 1024w, https:\/\/paroisse-saint-charles.fr\/WordPress3\/wp-content\/uploads\/2014\/09\/IMG_20140921_144245-600x450.jpg 600w, https:\/\/paroisse-saint-charles.fr\/WordPress3\/wp-content\/uploads\/2014\/09\/IMG_20140921_144245-956x717.jpg 956w\" sizes=\"auto, (max-width: 244px) 100vw, 244px\" \/>Le p\u00e8re Fran\u00e7ois-Xavier nous quitte \u00e9galement. Nous connaissions son go\u00fbt pour la musique de Bach. La paroisse lui offre donc l\u2019int\u00e9grale de Bach en CD ainsi qu&rsquo;une nouvelle aube.<\/p>\n<p style=\"text-align: justify;\">Lors du pique-nique, qui se d\u00e9roule dans la cour de l&rsquo;\u00e9cole derri\u00e8re la paroisse du Sacr\u00e9-C\u0153ur, nous faisons les pr\u00e9sentations de chacun ainsi que des diff\u00e9rentes activit\u00e9s que vous retrouvez maintenant sur le <a href=\"http:\/\/www.paroisse-saint-charles.fr\">site de la paroisse<\/a> (Conf\u00e9rence Saint-Vincent de Paul, Chorale, Domus, Cat\u00e9chismes&#8230;).<\/p>\n<p>&nbsp;<\/p>\n<p>&nbsp;<\/p>\n","protected":false},"excerpt":{"rendered":"<p>L\u2019\u00e9t\u00e9 a \u00e9t\u00e9 l\u2019occasion de nombreux changements \u00e0 la paroisse Saint-Charles. Plusieurs familles ont d\u00e9m\u00e9nag\u00e9. D\u2019autres, en plus grand nombre, sont arriv\u00e9es\u00a0! Les pasteurs de la communaut\u00e9 aussi ont chang\u00e9 ou ont pris de nouvelles responsabilit\u00e9s. La messe et le&#8230;<br \/><a class=\"read-more-button\" href=\"https:\/\/paroisse-saint-charles.fr\/WordPress3\/2014\/09\/pique-nique-rentree-messe-au-revoir-mgr-ellul\/\">Savoir plus<\/a><\/p>\n","protected":false},"author":4,"featured_media":352,"comment_status":"closed","ping_status":"open","sticky":false,"template":"","format":"standard","meta":{"footnotes":""},"categories":[8,2],"tags":[],"class_list":["post-336","post","type-post","status-publish","format-standard","has-post-thumbnail","hentry","category-homepage","category-vie-de-la-paroisse"],"jetpack_featured_media_url":"https:\/\/paroisse-saint-charles.fr\/WordPress3\/wp-content\/uploads\/2014\/09\/Eloi-Gillet-compresse1.jpg","_links":{"self":[{"href":"https:\/\/paroisse-saint-charles.fr\/WordPress3\/wp-json\/wp\/v2\/posts\/336","targetHints":{"allow":["GET"]}}],"collection":[{"href":"https:\/\/paroisse-saint-charles.fr\/WordPress3\/wp-json\/wp\/v2\/posts"}],"about":[{"href":"https:\/\/paroisse-saint-charles.fr\/WordPress3\/wp-json\/wp\/v2\/types\/post"}],"author":[{"embeddable":true,"href":"https:\/\/paroisse-saint-charles.fr\/WordPress3\/wp-json\/wp\/v2\/users\/4"}],"replies":[{"embeddable":true,"href":"https:\/\/paroisse-saint-charles.fr\/WordPress3\/wp-json\/wp\/v2\/comments?post=336"}],"version-history":[{"count":9,"href":"https:\/\/paroisse-saint-charles.fr\/WordPress3\/wp-json\/wp\/v2\/posts\/336\/revisions"}],"predecessor-version":[{"id":358,"href":"https:\/\/paroisse-saint-charles.fr\/WordPress3\/wp-json\/wp\/v2\/posts\/336\/revisions\/358"}],"wp:featuredmedia":[{"embeddable":true,"href":"https:\/\/paroisse-saint-charles.fr\/WordPress3\/wp-json\/wp\/v2\/media\/352"}],"wp:attachment":[{"href":"https:\/\/paroisse-saint-charles.fr\/WordPress3\/wp-json\/wp\/v2\/media?parent=336"}],"wp:term":[{"taxonomy":"category","embeddable":true,"href":"https:\/\/paroisse-saint-charles.fr\/WordPress3\/wp-json\/wp\/v2\/categories?post=336"},{"taxonomy":"post_tag","embeddable":true,"href":"https:\/\/paroisse-saint-charles.fr\/WordPress3\/wp-json\/wp\/v2\/tags?post=336"}],"curies":[{"name":"wp","href":"https:\/\/api.w.org\/{rel}","templated":true}]}}