{"id":348,"date":"2014-09-29T21:42:35","date_gmt":"2014-09-29T21:42:35","guid":{"rendered":"http:\/\/www.paroisse-saint-charles.fr\/?p=348"},"modified":"2014-09-30T18:20:50","modified_gmt":"2014-09-30T18:20:50","slug":"informations-28-septembre","status":"publish","type":"post","link":"https:\/\/paroisse-saint-charles.fr\/WordPress3\/2014\/09\/informations-28-septembre\/","title":{"rendered":"Informations du 28 septembre"},"content":{"rendered":"<p>A noter cette semaine :<\/p>\n<p>&#8211; le groupe de pri\u00e8res Adona\u00ef ce mardi \u00e0 20h<\/p>\n<p>&#8211; le groupe de formation pour les lyc\u00e9ens \u00e0 19h<\/p>\n<p>&#8211; le caf\u00e9-cat\u00e9 pour dames ce jeudi \u00e0 9h<\/p>\n<p>&#8211; la r\u00e9p\u00e9tition de chorale \u00e0 20h30<\/p>\n<p>&nbsp;<\/p>\n","protected":false},"excerpt":{"rendered":"<p>A noter cette semaine : &#8211; le groupe de pri\u00e8res Adona\u00ef ce mardi \u00e0 20h &#8211; le groupe de formation pour les lyc\u00e9ens \u00e0 19h &#8211; le caf\u00e9-cat\u00e9 pour dames ce jeudi \u00e0 9h &#8211; la r\u00e9p\u00e9tition de chorale \u00e0&#8230;<br \/><a class=\"read-more-button\" href=\"https:\/\/paroisse-saint-charles.fr\/WordPress3\/2014\/09\/informations-28-septembre\/\">Savoir plus<\/a><\/p>\n","protected":false},"author":4,"featured_media":0,"comment_status":"closed","ping_status":"open","sticky":false,"template":"","format":"standard","meta":{"footnotes":""},"categories":[2],"tags":[],"class_list":["post-348","post","type-post","status-publish","format-standard","hentry","category-vie-de-la-paroisse"],"jetpack_featured_media_url":"","_links":{"self":[{"href":"https:\/\/paroisse-saint-charles.fr\/WordPress3\/wp-json\/wp\/v2\/posts\/348","targetHints":{"allow":["GET"]}}],"collection":[{"href":"https:\/\/paroisse-saint-charles.fr\/WordPress3\/wp-json\/wp\/v2\/posts"}],"about":[{"href":"https:\/\/paroisse-saint-charles.fr\/WordPress3\/wp-json\/wp\/v2\/types\/post"}],"author":[{"embeddable":true,"href":"https:\/\/paroisse-saint-charles.fr\/WordPress3\/wp-json\/wp\/v2\/users\/4"}],"replies":[{"embeddable":true,"href":"https:\/\/paroisse-saint-charles.fr\/WordPress3\/wp-json\/wp\/v2\/comments?post=348"}],"version-history":[{"count":2,"href":"https:\/\/paroisse-saint-charles.fr\/WordPress3\/wp-json\/wp\/v2\/posts\/348\/revisions"}],"predecessor-version":[{"id":354,"href":"https:\/\/paroisse-saint-charles.fr\/WordPress3\/wp-json\/wp\/v2\/posts\/348\/revisions\/354"}],"wp:attachment":[{"href":"https:\/\/paroisse-saint-charles.fr\/WordPress3\/wp-json\/wp\/v2\/media?parent=348"}],"wp:term":[{"taxonomy":"category","embeddable":true,"href":"https:\/\/paroisse-saint-charles.fr\/WordPress3\/wp-json\/wp\/v2\/categories?post=348"},{"taxonomy":"post_tag","embeddable":true,"href":"https:\/\/paroisse-saint-charles.fr\/WordPress3\/wp-json\/wp\/v2\/tags?post=348"}],"curies":[{"name":"wp","href":"https:\/\/api.w.org\/{rel}","templated":true}]}}