{"id":374,"date":"2014-10-02T22:27:41","date_gmt":"2014-10-02T22:27:41","guid":{"rendered":"http:\/\/www.paroisse-saint-charles.fr\/?p=374"},"modified":"2015-02-15T19:39:29","modified_gmt":"2015-02-15T19:39:29","slug":"soiree-misericorde","status":"publish","type":"post","link":"https:\/\/paroisse-saint-charles.fr\/WordPress3\/2014\/10\/soiree-misericorde\/","title":{"rendered":"Soir\u00e9e Mis\u00e9ricorde &#8211; vendredi 3 octobre"},"content":{"rendered":"<p style=\"text-align: justify;\">Pour r\u00e9pondre \u00e0 la demande du Christ \u00e0 Sainte Marguerite Marie, venons adorer son Sacr\u00e9-C\u0153ur tous les premiers vendredis du mois.<\/p>\n<p style=\"text-align: justify;\"><span id=\"OBJ_PREFIX_DWT421_com_zimbra_date\" class=\"Object\"><span id=\"OBJ_PREFIX_DWT424_com_zimbra_date\" class=\"Object\">Ce vendredi<\/span><\/span> 3 octobre, f\u00eate de sainte-Th\u00e9r\u00e8se et <span id=\"OBJ_PREFIX_DWT422_com_zimbra_date\" class=\"Object\"><span id=\"OBJ_PREFIX_DWT425_com_zimbra_date\" class=\"Object\">premier vendredi<\/span><\/span> du mois, nous vous proposons une \u00ab\u00a0soir\u00e9e mis\u00e9ricorde\u00a0\u00bb : apr\u00e8s la messe de 18h, nous exposerons le Saint-Sacrement jusqu&rsquo;\u00e0 22h. Durant ce temps d&rsquo;adoration, nous chanterons les complies, puis il y aura une petite pr\u00e9dication sur la mis\u00e9ricorde suivie de la r\u00e9citation du chapelet de la mis\u00e9ricorde. Il sera possible de se confesser durant tout ce temps.<\/p>\n<p style=\"text-align: justify;\">Venez prendre votre cr\u00e9neau d&rsquo;adoration et prier pour la paroisse, nos familles et confier toutes vos intentions au Seigneur.<\/p>\n<p style=\"text-align: justify;\">\n<p style=\"text-align: justify;\">Notre Seigneur a fait les douze promesses suivantes \u00e0 sainte Marguerite Marie afin d&rsquo;encourager la vraie d\u00e9votion au Sacr\u00e9 C\u0153ur de J\u00e9sus qui est \u00e9galement la d\u00e9votion au Saint-Sacrement. Ces promesses sont octroy\u00e9es sur ceux qui adorent r\u00e9guli\u00e8rement J\u00e9sus dans le Saint-Sacrement.<\/p>\n<p style=\"text-align: justify;\">1. Je leur donnerai toutes les gr\u00e2ces n\u00e9cessaires dans leur \u00e9tat.<br \/>\n2. Je mettrai la paix dans leur famille.<br \/>\n3. Je les consolerai dans toutes leurs peines.<br \/>\n4. Je serai leur refuge assur\u00e9 pendant la vie et surtout \u00e0 la mort.<br \/>\n5. Je r\u00e9pandrai d&rsquo;abondantes b\u00e9n\u00e9dictions sur toutes leurs entreprises.<br \/>\n6. Les p\u00e9cheurs trouveront dans mon C\u0153ur la source et l&rsquo;oc\u00e9an infini de la mis\u00e9ricorde.<br \/>\n7. Les \u00e2mes ti\u00e8des deviendront ferventes.<br \/>\n8. Les \u00e2mes ferventes s&rsquo;\u00e9l\u00e8veront \u00e0 une grande perfection.<br \/>\n9. Je b\u00e9nirai m\u00eame les maisons o\u00f9 l&rsquo;image de mon C\u0153ur sera expos\u00e9e et honor\u00e9e.<br \/>\n10. Je donnerai aux pr\u00eatres le talent de toucher les c\u0153urs les plus endurcis.<br \/>\n11. Les personnes qui propageront cette d\u00e9votion auront leur nom \u00e9crit dans mon C\u0153ur, et il n&rsquo;en sera jamais effac\u00e9.<br \/>\n12. Je te promets, dans l&rsquo;exc\u00e8s de la mis\u00e9ricorde de mon C\u0153ur, que mon amour tout puissant accordera \u00e0 tous ceux qui communieront les premiers vendredis, neuf fois de suite, la gr\u00e2ce de la p\u00e9nitence finale, qu&rsquo;ils ne mourront point dans ma disgr\u00e2ce, ni sans recevoir les\u00a0 sacrements, et que mon C\u0153ur se rendra leur asile assur\u00e9 \u00e0 cette heure derni\u00e8re.<\/p>\n","protected":false},"excerpt":{"rendered":"<p>Pour r\u00e9pondre \u00e0 la demande du Christ \u00e0 Sainte Marguerite Marie, venons adorer son Sacr\u00e9-C\u0153ur tous les premiers vendredis du mois. Ce vendredi 3 octobre, f\u00eate de sainte-Th\u00e9r\u00e8se et premier vendredi du mois, nous vous proposons une \u00ab\u00a0soir\u00e9e mis\u00e9ricorde\u00a0\u00bb :&#8230;<br \/><a class=\"read-more-button\" href=\"https:\/\/paroisse-saint-charles.fr\/WordPress3\/2014\/10\/soiree-misericorde\/\">Savoir plus<\/a><\/p>\n","protected":false},"author":4,"featured_media":379,"comment_status":"closed","ping_status":"open","sticky":false,"template":"","format":"standard","meta":{"footnotes":""},"categories":[8,2],"tags":[],"class_list":["post-374","post","type-post","status-publish","format-standard","has-post-thumbnail","hentry","category-homepage","category-vie-de-la-paroisse"],"jetpack_featured_media_url":"https:\/\/paroisse-saint-charles.fr\/WordPress3\/wp-content\/uploads\/2014\/10\/jesus_misericordieux_compresse.jpg","_links":{"self":[{"href":"https:\/\/paroisse-saint-charles.fr\/WordPress3\/wp-json\/wp\/v2\/posts\/374","targetHints":{"allow":["GET"]}}],"collection":[{"href":"https:\/\/paroisse-saint-charles.fr\/WordPress3\/wp-json\/wp\/v2\/posts"}],"about":[{"href":"https:\/\/paroisse-saint-charles.fr\/WordPress3\/wp-json\/wp\/v2\/types\/post"}],"author":[{"embeddable":true,"href":"https:\/\/paroisse-saint-charles.fr\/WordPress3\/wp-json\/wp\/v2\/users\/4"}],"replies":[{"embeddable":true,"href":"https:\/\/paroisse-saint-charles.fr\/WordPress3\/wp-json\/wp\/v2\/comments?post=374"}],"version-history":[{"count":4,"href":"https:\/\/paroisse-saint-charles.fr\/WordPress3\/wp-json\/wp\/v2\/posts\/374\/revisions"}],"predecessor-version":[{"id":381,"href":"https:\/\/paroisse-saint-charles.fr\/WordPress3\/wp-json\/wp\/v2\/posts\/374\/revisions\/381"}],"wp:featuredmedia":[{"embeddable":true,"href":"https:\/\/paroisse-saint-charles.fr\/WordPress3\/wp-json\/wp\/v2\/media\/379"}],"wp:attachment":[{"href":"https:\/\/paroisse-saint-charles.fr\/WordPress3\/wp-json\/wp\/v2\/media?parent=374"}],"wp:term":[{"taxonomy":"category","embeddable":true,"href":"https:\/\/paroisse-saint-charles.fr\/WordPress3\/wp-json\/wp\/v2\/categories?post=374"},{"taxonomy":"post_tag","embeddable":true,"href":"https:\/\/paroisse-saint-charles.fr\/WordPress3\/wp-json\/wp\/v2\/tags?post=374"}],"curies":[{"name":"wp","href":"https:\/\/api.w.org\/{rel}","templated":true}]}}