{"id":383,"date":"2014-10-14T22:04:14","date_gmt":"2014-10-14T22:04:14","guid":{"rendered":"http:\/\/www.paroisse-saint-charles.fr\/?p=383"},"modified":"2014-10-15T07:19:15","modified_gmt":"2014-10-15T07:19:15","slug":"information-12-oct","status":"publish","type":"post","link":"https:\/\/paroisse-saint-charles.fr\/WordPress3\/2014\/10\/information-12-oct\/","title":{"rendered":"Informations du 12 octobre"},"content":{"rendered":"<p style=\"text-align: justify;\">Chers paroissiens,<\/p>\n<p style=\"text-align: justify;\">Voici un petit rappel des nombreuses informations de dimanche dernier.<\/p>\n<p style=\"text-align: justify;\">Ce mercredi 15 octobre, conf\u00e9rence sur les questions \u00e9thiques li\u00e9es \u00e0 la fin de vie \u00e0 la clinique Sainte-Elisabeth, 72 rue Chape ou 33 rue Monte Cristo, 13004 Marseille \u00e0 partir de 20h30.<\/p>\n<p style=\"text-align: justify;\">Ce jeudi \u00e0 20h, <strong>r\u00e9p\u00e9tition de chorale<\/strong> \u00e0 l\u2019\u00e9glise en vue de la premi\u00e8re messe du p\u00e8re Hilaire. Nous recrutons des voix dans tous les pupitres !!!<\/p>\n<p style=\"text-align: justify;\">Samedi 18 octobre, de 14h30 \u00e0 15h30,<strong> r\u00e9p\u00e9tition des enfants de ch\u0153ur<\/strong>.<\/p>\n<p style=\"text-align: justify;\">Dimanche 19 octobre, \u00e0 10h30, 1<sup>\u00e8re<\/sup> messe du p\u00e8re Hilaire. V\u00eapres et salut du Saint-Sacrement \u00e0 18h.<\/p>\n<p style=\"text-align: justify;\">N\u2019oublions pas de prier pour le synode sur la famille.<\/p>\n<p style=\"text-align: justify;\"><strong>N\u2019oubliez pas le denier de l\u2019Eglise<\/strong>\u00a0! Toutes les informations se trouvent ici\u00a0: <a href=\"http:\/\/www.paroisse-saint-charles.fr\/denier-de-leglise\/\">http:\/\/www.paroisse-saint-charles.fr\/denier-de-leglise\/<\/a>.<\/p>\n<p style=\"text-align: justify;\">J\u2019attire votre attention que le denier est adress\u00e9 \u00e0 l\u2019\u00e9v\u00each\u00e9\u00a0; l\u2019ordre du ch\u00e8que est donc ADM (Association dioc\u00e9saine de Marseille)<\/p>\n<p style=\"text-align: justify;\">En vous assurant de mes pri\u00e8res<\/p>\n<p style=\"text-align: justify;\">Abb\u00e9 Eloi Gillet<\/p>\n","protected":false},"excerpt":{"rendered":"<p>Chers paroissiens, Voici un petit rappel des nombreuses informations de dimanche dernier. Ce mercredi 15 octobre, conf\u00e9rence sur les questions \u00e9thiques li\u00e9es \u00e0 la fin de vie \u00e0 la clinique Sainte-Elisabeth, 72 rue Chape ou 33 rue Monte Cristo, 13004&#8230;<br \/><a class=\"read-more-button\" href=\"https:\/\/paroisse-saint-charles.fr\/WordPress3\/2014\/10\/information-12-oct\/\">Savoir plus<\/a><\/p>\n","protected":false},"author":4,"featured_media":352,"comment_status":"closed","ping_status":"open","sticky":false,"template":"","format":"standard","meta":{"footnotes":""},"categories":[8,2],"tags":[],"class_list":["post-383","post","type-post","status-publish","format-standard","has-post-thumbnail","hentry","category-homepage","category-vie-de-la-paroisse"],"jetpack_featured_media_url":"https:\/\/paroisse-saint-charles.fr\/WordPress3\/wp-content\/uploads\/2014\/09\/Eloi-Gillet-compresse1.jpg","_links":{"self":[{"href":"https:\/\/paroisse-saint-charles.fr\/WordPress3\/wp-json\/wp\/v2\/posts\/383","targetHints":{"allow":["GET"]}}],"collection":[{"href":"https:\/\/paroisse-saint-charles.fr\/WordPress3\/wp-json\/wp\/v2\/posts"}],"about":[{"href":"https:\/\/paroisse-saint-charles.fr\/WordPress3\/wp-json\/wp\/v2\/types\/post"}],"author":[{"embeddable":true,"href":"https:\/\/paroisse-saint-charles.fr\/WordPress3\/wp-json\/wp\/v2\/users\/4"}],"replies":[{"embeddable":true,"href":"https:\/\/paroisse-saint-charles.fr\/WordPress3\/wp-json\/wp\/v2\/comments?post=383"}],"version-history":[{"count":3,"href":"https:\/\/paroisse-saint-charles.fr\/WordPress3\/wp-json\/wp\/v2\/posts\/383\/revisions"}],"predecessor-version":[{"id":389,"href":"https:\/\/paroisse-saint-charles.fr\/WordPress3\/wp-json\/wp\/v2\/posts\/383\/revisions\/389"}],"wp:featuredmedia":[{"embeddable":true,"href":"https:\/\/paroisse-saint-charles.fr\/WordPress3\/wp-json\/wp\/v2\/media\/352"}],"wp:attachment":[{"href":"https:\/\/paroisse-saint-charles.fr\/WordPress3\/wp-json\/wp\/v2\/media?parent=383"}],"wp:term":[{"taxonomy":"category","embeddable":true,"href":"https:\/\/paroisse-saint-charles.fr\/WordPress3\/wp-json\/wp\/v2\/categories?post=383"},{"taxonomy":"post_tag","embeddable":true,"href":"https:\/\/paroisse-saint-charles.fr\/WordPress3\/wp-json\/wp\/v2\/tags?post=383"}],"curies":[{"name":"wp","href":"https:\/\/api.w.org\/{rel}","templated":true}]}}