{"id":472,"date":"2014-11-23T22:56:26","date_gmt":"2014-11-23T22:56:26","guid":{"rendered":"http:\/\/www.paroisse-saint-charles.fr\/?p=472"},"modified":"2015-02-15T19:38:37","modified_gmt":"2015-02-15T19:38:37","slug":"informations-23-novembre","status":"publish","type":"post","link":"https:\/\/paroisse-saint-charles.fr\/WordPress3\/2014\/11\/informations-23-novembre\/","title":{"rendered":"Informations du 23 novembre"},"content":{"rendered":"<p>Chers paroissiens,<\/p>\n<p>voici un petit rappel des informations de ce dimanche.<\/p>\n<p>&#8211; Il n&rsquo;y aura pas de messe ni d&rsquo;adoration ce lundi \u00e0 Saint-Charles.<\/p>\n<p>&#8211; la veill\u00e9e pour la vie se d\u00e9roulera cette ann\u00e9e le samedi 29 novembre \u00e0 partir de 19h \u00e0 l&rsquo;\u00e9glise Saint-Barnab\u00e9. Renseignements <a href=\"http:\/\/marseille.catholique.fr\/Veillee-de-priere-pour-la-vie,3198\">ici.<\/a><\/p>\n<p>&#8211; No\u00ebl approche \u00e0 grands pas. En pr\u00e9vision de la cr\u00e8che vivante au cours de la veill\u00e9e de No\u00ebl, nous aurions besoin de savoir quels seront les enfants pr\u00e9sents. Nous ferons une premi\u00e8re r\u00e9p\u00e9tition le samedi 20 d\u00e9cembre \u00e0 9h30 et une seconde juste avant la veill\u00e9e \u00e0 22h45. Merci de le signaler \u00e0 l&rsquo;abb\u00e9 Gillet.<\/p>\n<p>Nous aurons aussi cruellement besoin de renforts pour la chorale et pour le service de messe \u00e0 No\u00ebl. Si vous pouvez ponctuellement venir \u00e9toffer les rangs, merci aussi de vous signaler aupr\u00e8s de l&rsquo;abb\u00e9 Gillet. Transmettez s&rsquo;il vous pla\u00eet cet appel aux membres de vos familles qui seraient de passage \u00e0 ce moment l\u00e0 ! Nous ferons une r\u00e9p\u00e9tition de chorale pour No\u00ebl le mardi 23 d\u00e9cembre \u00e0 20h.<\/p>\n<p>En vous assurant de nos pri\u00e8res.<\/p>\n<p>Abb\u00e9 Eloi Gillet<\/p>\n<p>Abb\u00e9 Florent Molin<\/p>\n<p>&nbsp;<\/p>\n<p>&nbsp;<\/p>\n<p>&nbsp;<\/p>\n","protected":false},"excerpt":{"rendered":"<p>Chers paroissiens, voici un petit rappel des informations de ce dimanche. &#8211; Il n&rsquo;y aura pas de messe ni d&rsquo;adoration ce lundi \u00e0 Saint-Charles. &#8211; la veill\u00e9e pour la vie se d\u00e9roulera cette ann\u00e9e le samedi 29 novembre \u00e0 partir&#8230;<br \/><a class=\"read-more-button\" href=\"https:\/\/paroisse-saint-charles.fr\/WordPress3\/2014\/11\/informations-23-novembre\/\">Savoir plus<\/a><\/p>\n","protected":false},"author":4,"featured_media":0,"comment_status":"closed","ping_status":"closed","sticky":false,"template":"","format":"standard","meta":{"footnotes":""},"categories":[11,2],"tags":[],"class_list":["post-472","post","type-post","status-publish","format-standard","hentry","category-newsletter","category-vie-de-la-paroisse"],"jetpack_featured_media_url":"","_links":{"self":[{"href":"https:\/\/paroisse-saint-charles.fr\/WordPress3\/wp-json\/wp\/v2\/posts\/472","targetHints":{"allow":["GET"]}}],"collection":[{"href":"https:\/\/paroisse-saint-charles.fr\/WordPress3\/wp-json\/wp\/v2\/posts"}],"about":[{"href":"https:\/\/paroisse-saint-charles.fr\/WordPress3\/wp-json\/wp\/v2\/types\/post"}],"author":[{"embeddable":true,"href":"https:\/\/paroisse-saint-charles.fr\/WordPress3\/wp-json\/wp\/v2\/users\/4"}],"replies":[{"embeddable":true,"href":"https:\/\/paroisse-saint-charles.fr\/WordPress3\/wp-json\/wp\/v2\/comments?post=472"}],"version-history":[{"count":7,"href":"https:\/\/paroisse-saint-charles.fr\/WordPress3\/wp-json\/wp\/v2\/posts\/472\/revisions"}],"predecessor-version":[{"id":599,"href":"https:\/\/paroisse-saint-charles.fr\/WordPress3\/wp-json\/wp\/v2\/posts\/472\/revisions\/599"}],"wp:attachment":[{"href":"https:\/\/paroisse-saint-charles.fr\/WordPress3\/wp-json\/wp\/v2\/media?parent=472"}],"wp:term":[{"taxonomy":"category","embeddable":true,"href":"https:\/\/paroisse-saint-charles.fr\/WordPress3\/wp-json\/wp\/v2\/categories?post=472"},{"taxonomy":"post_tag","embeddable":true,"href":"https:\/\/paroisse-saint-charles.fr\/WordPress3\/wp-json\/wp\/v2\/tags?post=472"}],"curies":[{"name":"wp","href":"https:\/\/api.w.org\/{rel}","templated":true}]}}