{"id":484,"date":"2014-11-28T10:35:07","date_gmt":"2014-11-28T10:35:07","guid":{"rendered":"http:\/\/www.paroisse-saint-charles.fr\/?p=484"},"modified":"2015-02-15T19:38:31","modified_gmt":"2015-02-15T19:38:31","slug":"lancement-catechisme-adultes","status":"publish","type":"post","link":"https:\/\/paroisse-saint-charles.fr\/WordPress3\/2014\/11\/lancement-catechisme-adultes\/","title":{"rendered":"Lancement d&rsquo;un cat\u00e9chisme pour adultes"},"content":{"rendered":"<blockquote>\n<p style=\"text-align: justify;\">Soyez toujours pr\u00eats \u00e0 rendre compte de l&rsquo;esp\u00e9rance qui est en vous\u00a0! 1 P 3,15<\/p>\n<\/blockquote>\n<p style=\"text-align: justify;\">C\u2019est ainsi que saint Pierre exhortait les premiers chr\u00e9tiens. Cette invitation r\u00e9sonne tout particuli\u00e8rement aujourd&rsquo;hui en ces temps de crise de la foi. Il existe en effet un double danger aujourd\u2019hui\u00a0: d&rsquo;une part le fid\u00e9isme (qui consiste \u00e0 exalter la foi au d\u00e9triment de la raison, ce qui m\u00e8ne au fondamentalisme) et d&rsquo;autre part le rationalisme (qui consiste \u00e0 exalter la raison au d\u00e9triment de la foi). Pour aider les fid\u00e8les \u00e0 tenir le juste milieu entre ces deux exc\u00e8s et pour r\u00e9pondre \u00e0 une demande de plusieurs d\u2019entre vous, nous proposons donc un cat\u00e9chisme pour adultes. Il aura pour but de revoir et d\u2019approfondir les bases de la foi chr\u00e9tienne. Nous commencerons cette ann\u00e9e par une s\u00e9rie de quizz sur les sacrements. S\u2019il y a des sujets particuliers que vous aimeriez voir traiter, n\u2019h\u00e9sitez pas \u00e0 contacter l\u2019abb\u00e9 Gillet (abbegillet@gmail.com ou 06 74 65 73 51)<\/p>\n<p style=\"text-align: justify;\">Ces s\u00e9ances sont ouvertes \u00e0 tous sans distinction ! (n\u2019h\u00e9sitez pas \u00e0 en parler autour de vous). Elles se d\u00e9roulent un jeudi par mois, de 20h \u00e0 21h30 \u00e0 l\u2019\u00e9glise Saint-Charles, 64 rue Grignan, 13001 Marseille<\/p>\n<p style=\"text-align: justify;\">Prochaines dates\u00a0: jeudi 11 d\u00e9cembre, 15 janvier, 12 f\u00e9vrier, 19 mars, 16 avril, 21 mai, 11 juin.<\/p>\n<p style=\"text-align: justify;\">Vous retrouvez toutes ces informations sur <a href=\"http:\/\/www.paroisse-saint-charles.fr\/catechisme-adultes\/\"><span id=\"sample-permalink\" tabindex=\"-1\">http:\/\/www.paroisse-saint-charles.fr\/<span id=\"editable-post-name\" title=\"Cliquez pour modifier cette section du permalien\">catechisme-adultes<\/span>\/<\/span><\/a><\/p>\n<p style=\"text-align: justify;\">Une proposition de formation \u00e9quivalente est faite pour les dames qui ne peuvent venir le soir. Renseignement <a href=\"http:\/\/www.paroisse-saint-charles.fr\/cafe-cate-pour-les-mamans\/\">ici<\/a>. prochain caf\u00e9 cat\u00e9 pour dames le jeudi 4 d\u00e9cembre.<\/p>\n<p style=\"text-align: justify;\">\n","protected":false},"excerpt":{"rendered":"<p>Soyez toujours pr\u00eats \u00e0 rendre compte de l&rsquo;esp\u00e9rance qui est en vous\u00a0! 1 P 3,15 C\u2019est ainsi que saint Pierre exhortait les premiers chr\u00e9tiens. Cette invitation r\u00e9sonne tout particuli\u00e8rement aujourd&rsquo;hui en ces temps de crise de la foi. Il existe&#8230;<br \/><a class=\"read-more-button\" href=\"https:\/\/paroisse-saint-charles.fr\/WordPress3\/2014\/11\/lancement-catechisme-adultes\/\">Savoir plus<\/a><\/p>\n","protected":false},"author":4,"featured_media":0,"comment_status":"closed","ping_status":"closed","sticky":false,"template":"","format":"standard","meta":{"footnotes":""},"categories":[8,11,2],"tags":[],"class_list":["post-484","post","type-post","status-publish","format-standard","hentry","category-homepage","category-newsletter","category-vie-de-la-paroisse"],"jetpack_featured_media_url":"","_links":{"self":[{"href":"https:\/\/paroisse-saint-charles.fr\/WordPress3\/wp-json\/wp\/v2\/posts\/484","targetHints":{"allow":["GET"]}}],"collection":[{"href":"https:\/\/paroisse-saint-charles.fr\/WordPress3\/wp-json\/wp\/v2\/posts"}],"about":[{"href":"https:\/\/paroisse-saint-charles.fr\/WordPress3\/wp-json\/wp\/v2\/types\/post"}],"author":[{"embeddable":true,"href":"https:\/\/paroisse-saint-charles.fr\/WordPress3\/wp-json\/wp\/v2\/users\/4"}],"replies":[{"embeddable":true,"href":"https:\/\/paroisse-saint-charles.fr\/WordPress3\/wp-json\/wp\/v2\/comments?post=484"}],"version-history":[{"count":6,"href":"https:\/\/paroisse-saint-charles.fr\/WordPress3\/wp-json\/wp\/v2\/posts\/484\/revisions"}],"predecessor-version":[{"id":497,"href":"https:\/\/paroisse-saint-charles.fr\/WordPress3\/wp-json\/wp\/v2\/posts\/484\/revisions\/497"}],"wp:attachment":[{"href":"https:\/\/paroisse-saint-charles.fr\/WordPress3\/wp-json\/wp\/v2\/media?parent=484"}],"wp:term":[{"taxonomy":"category","embeddable":true,"href":"https:\/\/paroisse-saint-charles.fr\/WordPress3\/wp-json\/wp\/v2\/categories?post=484"},{"taxonomy":"post_tag","embeddable":true,"href":"https:\/\/paroisse-saint-charles.fr\/WordPress3\/wp-json\/wp\/v2\/tags?post=484"}],"curies":[{"name":"wp","href":"https:\/\/api.w.org\/{rel}","templated":true}]}}