{"id":501,"date":"2014-11-30T22:20:17","date_gmt":"2014-11-30T22:20:17","guid":{"rendered":"http:\/\/www.paroisse-saint-charles.fr\/?p=501"},"modified":"2015-02-15T19:38:21","modified_gmt":"2015-02-15T19:38:21","slug":"annonces-dimanche-30-novembre","status":"publish","type":"post","link":"https:\/\/paroisse-saint-charles.fr\/WordPress3\/2014\/11\/annonces-dimanche-30-novembre\/","title":{"rendered":"Annonces du dimanche 30 novembre"},"content":{"rendered":"<p style=\"text-align: justify;\">Chers paroissiens, voici un petit rappel des annonces de cette semaine.<\/p>\n<p style=\"text-align: justify;\">&#8211; lundi 1er d\u00e9cembre, <strong>pas de messe<\/strong> \u00e0 Saint-Charles.<\/p>\n<p style=\"text-align: justify;\">&#8211; Mardi 2: <strong>groupe de pri\u00e8re<\/strong> Adona\u00ef pour \u00e9tudiants \u00e0 20h.<\/p>\n<p style=\"text-align: justify;\">Priez pour la paroisse, je rencontre la responsable de la mairie pour les \u00e9difices cultuels.<\/p>\n<p style=\"text-align: justify;\">&#8211; mercredi 3 : <strong>kt pour les lyc\u00e9ens<\/strong>.<\/p>\n<p style=\"text-align: justify;\">&#8211; Jeudi 4 (sainte Barbe) : <strong>caf\u00e9-cat\u00e9 pour dames<\/strong> (sur une explication des rites de la messe) de 9h \u00e0 11h. <strong>r\u00e9p\u00e9tition pour la chorale<\/strong> \u00e0 20h.<\/p>\n<p style=\"text-align: justify;\">&#8211; Vendredi 5 : 1er vendredi du mois, <strong>Chapelet m\u00e9dit\u00e9<\/strong> \u00e0 12h30 et <strong>soir\u00e9e mis\u00e9ricorde<\/strong> : v\u00eapres \u00e0 17h30, messe \u00e0 18h, puis <strong>exposition du Saint Sacrement jusqu&rsquo;\u00e0 22h<\/strong> avec complies, m\u00e9ditation sur la mis\u00e9ricorde, chapelet&#8230;confession possible.<\/p>\n<p style=\"text-align: justify;\">&#8211; Samedi 6 : 1er samedi du mois. <strong>Messe Rorate \u00e0 9h<\/strong>.<\/p>\n<p style=\"text-align: justify;\">&#8211; dimanche 7 d\u00e9cembre : <strong>cl\u00f4ture de l&rsquo;ann\u00e9e jubilaire \u00e0 Notre-Dame de la Garde<\/strong>. Rassemblement \u00e0 16h devant le char Jeanne d&rsquo;Arc. informations <a href=\"http:\/\/marseille.catholique.fr\/Cloture-de-l-annee-mariale\">ici<\/a><\/p>\n<p style=\"text-align: justify;\">&#8211; Lundi 8 d\u00e9cembre, f\u00eate de l&rsquo;Immacul\u00e9e Conception :<strong> messe chant\u00e9e \u00e0 19h30.<\/strong><\/p>\n<p style=\"text-align: justify;\">En outre, permettez-moi de faire la publicit\u00e9 pour le film \u00ab\u00a0M et le troisi\u00e8me secret\u00a0\u00bb sur Fatima. Le seul cin\u00e9ma qui le diffuse est le C\u00e9sar sur la place Castellane \u00e0 13h30 tous les jours. Renseignements <a href=\"http:\/\/www.allocine.fr\/seance\/film-230562\/pres-de\/?cgeocode=124409\">ici<\/a><\/p>\n<p style=\"text-align: justify;\">Enfin, pour compl\u00e9ter la cr\u00e8che, nous aurions besoin d&rsquo;un peu de verdure&#8230;si certains d&rsquo;entre vous peuvent nous apporter quelques branches, merci de me contacter avant au 06 74 65 73 51.<\/p>\n<p style=\"text-align: justify;\">En vous assurant de mes pri\u00e8res<\/p>\n<p style=\"text-align: justify;\">Abb\u00e9 Eloi Gillet<\/p>\n<p style=\"text-align: justify;\">\n","protected":false},"excerpt":{"rendered":"<p>Chers paroissiens, voici un petit rappel des annonces de cette semaine. &#8211; lundi 1er d\u00e9cembre, pas de messe \u00e0 Saint-Charles. &#8211; Mardi 2: groupe de pri\u00e8re Adona\u00ef pour \u00e9tudiants \u00e0 20h. Priez pour la paroisse, je rencontre la responsable de&#8230;<br \/><a class=\"read-more-button\" href=\"https:\/\/paroisse-saint-charles.fr\/WordPress3\/2014\/11\/annonces-dimanche-30-novembre\/\">Savoir plus<\/a><\/p>\n","protected":false},"author":4,"featured_media":0,"comment_status":"closed","ping_status":"closed","sticky":false,"template":"","format":"standard","meta":{"footnotes":""},"categories":[11,2],"tags":[],"class_list":["post-501","post","type-post","status-publish","format-standard","hentry","category-newsletter","category-vie-de-la-paroisse"],"jetpack_featured_media_url":"","_links":{"self":[{"href":"https:\/\/paroisse-saint-charles.fr\/WordPress3\/wp-json\/wp\/v2\/posts\/501","targetHints":{"allow":["GET"]}}],"collection":[{"href":"https:\/\/paroisse-saint-charles.fr\/WordPress3\/wp-json\/wp\/v2\/posts"}],"about":[{"href":"https:\/\/paroisse-saint-charles.fr\/WordPress3\/wp-json\/wp\/v2\/types\/post"}],"author":[{"embeddable":true,"href":"https:\/\/paroisse-saint-charles.fr\/WordPress3\/wp-json\/wp\/v2\/users\/4"}],"replies":[{"embeddable":true,"href":"https:\/\/paroisse-saint-charles.fr\/WordPress3\/wp-json\/wp\/v2\/comments?post=501"}],"version-history":[{"count":3,"href":"https:\/\/paroisse-saint-charles.fr\/WordPress3\/wp-json\/wp\/v2\/posts\/501\/revisions"}],"predecessor-version":[{"id":505,"href":"https:\/\/paroisse-saint-charles.fr\/WordPress3\/wp-json\/wp\/v2\/posts\/501\/revisions\/505"}],"wp:attachment":[{"href":"https:\/\/paroisse-saint-charles.fr\/WordPress3\/wp-json\/wp\/v2\/media?parent=501"}],"wp:term":[{"taxonomy":"category","embeddable":true,"href":"https:\/\/paroisse-saint-charles.fr\/WordPress3\/wp-json\/wp\/v2\/categories?post=501"},{"taxonomy":"post_tag","embeddable":true,"href":"https:\/\/paroisse-saint-charles.fr\/WordPress3\/wp-json\/wp\/v2\/tags?post=501"}],"curies":[{"name":"wp","href":"https:\/\/api.w.org\/{rel}","templated":true}]}}