{"id":506,"date":"2014-12-07T19:08:37","date_gmt":"2014-12-07T19:08:37","guid":{"rendered":"http:\/\/www.paroisse-saint-charles.fr\/?p=506"},"modified":"2015-02-15T19:38:14","modified_gmt":"2015-02-15T19:38:14","slug":"annonces-dimanche-7-decembre","status":"publish","type":"post","link":"https:\/\/paroisse-saint-charles.fr\/WordPress3\/2014\/12\/annonces-dimanche-7-decembre\/","title":{"rendered":"Annonces du dimanche 7 d\u00e9cembre"},"content":{"rendered":"<p style=\"text-align: justify;\">Chers paroissiens,<\/p>\n<p style=\"text-align: justify;\">voici un petit r\u00e9capitulatif des annonces de ce dimanche.<\/p>\n<p style=\"text-align: justify;\">&#8211;<strong> lundi 8 d\u00e9cembre<\/strong>, f\u00eate de l<strong>&lsquo;Immacul\u00e9e Conception<\/strong>. Messe \u00e0 18h et <strong>messe chant\u00e9e \u00e0 19h30.<\/strong><\/p>\n<p style=\"text-align: justify;\">&#8211; <strong>pas de messe ce jeudi<\/strong> \u00e0 12h15<\/p>\n<p style=\"text-align: justify;\">&#8211; ce <strong>jeudi \u00e0 20h, cat\u00e9chisme pour adulte<\/strong> : quizz sur l&rsquo;Eucharistie.<\/p>\n<p style=\"text-align: justify;\">&#8211; <strong>samedi 13<\/strong>, apr\u00e8s la messe Rorate de 9h (messe de la Sainte Vierge illumin\u00e9e \u00e0 la bougie), petit d\u00e9jeuner de <strong>lancement de la Conf\u00e9rence Saint-Vincent de Paul<\/strong> en lien avec la pastorale du deuil.<\/p>\n<p style=\"text-align: justify;\">&#8211; Il reste quelques missels : cela peut \u00eatre une id\u00e9e de cadeau pour No\u00ebl. Pensez \u00e0 en r\u00e9server !<\/p>\n<p style=\"text-align: justify;\">&#8211; Plus que quelques jours pour faire votre offrande pour le denier de l&rsquo;Eglise !<\/p>\n<p style=\"text-align: justify;\">Enfin, retenez la date du samedi 20 d\u00e9cembre : mission l&rsquo;apr\u00e8s midi dans les rues commer\u00e7antes aux alentours de Saint-Charles. Le soir \u00e0 20h, concert de l&rsquo;ensemble vocal de Cassis qui jouera le Gloria et le Magnificat de Vivaldi.<\/p>\n<p style=\"text-align: justify;\">En vous assurant de mes pri\u00e8res<\/p>\n<p style=\"text-align: justify;\">abb\u00e9 Eloi Gillet<\/p>\n","protected":false},"excerpt":{"rendered":"<p>Chers paroissiens, voici un petit r\u00e9capitulatif des annonces de ce dimanche. &#8211; lundi 8 d\u00e9cembre, f\u00eate de l&lsquo;Immacul\u00e9e Conception. Messe \u00e0 18h et messe chant\u00e9e \u00e0 19h30. &#8211; pas de messe ce jeudi \u00e0 12h15 &#8211; ce jeudi \u00e0 20h,&#8230;<br \/><a class=\"read-more-button\" href=\"https:\/\/paroisse-saint-charles.fr\/WordPress3\/2014\/12\/annonces-dimanche-7-decembre\/\">Savoir plus<\/a><\/p>\n","protected":false},"author":4,"featured_media":0,"comment_status":"closed","ping_status":"closed","sticky":false,"template":"","format":"standard","meta":{"footnotes":""},"categories":[11,2],"tags":[],"class_list":["post-506","post","type-post","status-publish","format-standard","hentry","category-newsletter","category-vie-de-la-paroisse"],"jetpack_featured_media_url":"","_links":{"self":[{"href":"https:\/\/paroisse-saint-charles.fr\/WordPress3\/wp-json\/wp\/v2\/posts\/506","targetHints":{"allow":["GET"]}}],"collection":[{"href":"https:\/\/paroisse-saint-charles.fr\/WordPress3\/wp-json\/wp\/v2\/posts"}],"about":[{"href":"https:\/\/paroisse-saint-charles.fr\/WordPress3\/wp-json\/wp\/v2\/types\/post"}],"author":[{"embeddable":true,"href":"https:\/\/paroisse-saint-charles.fr\/WordPress3\/wp-json\/wp\/v2\/users\/4"}],"replies":[{"embeddable":true,"href":"https:\/\/paroisse-saint-charles.fr\/WordPress3\/wp-json\/wp\/v2\/comments?post=506"}],"version-history":[{"count":2,"href":"https:\/\/paroisse-saint-charles.fr\/WordPress3\/wp-json\/wp\/v2\/posts\/506\/revisions"}],"predecessor-version":[{"id":598,"href":"https:\/\/paroisse-saint-charles.fr\/WordPress3\/wp-json\/wp\/v2\/posts\/506\/revisions\/598"}],"wp:attachment":[{"href":"https:\/\/paroisse-saint-charles.fr\/WordPress3\/wp-json\/wp\/v2\/media?parent=506"}],"wp:term":[{"taxonomy":"category","embeddable":true,"href":"https:\/\/paroisse-saint-charles.fr\/WordPress3\/wp-json\/wp\/v2\/categories?post=506"},{"taxonomy":"post_tag","embeddable":true,"href":"https:\/\/paroisse-saint-charles.fr\/WordPress3\/wp-json\/wp\/v2\/tags?post=506"}],"curies":[{"name":"wp","href":"https:\/\/api.w.org\/{rel}","templated":true}]}}