{"id":509,"date":"2014-12-16T09:20:56","date_gmt":"2014-12-16T09:20:56","guid":{"rendered":"http:\/\/www.paroisse-saint-charles.fr\/?p=509"},"modified":"2014-12-16T09:20:56","modified_gmt":"2014-12-16T09:20:56","slug":"annonces-dimanche-14-decembre","status":"publish","type":"post","link":"https:\/\/paroisse-saint-charles.fr\/WordPress3\/2014\/12\/annonces-dimanche-14-decembre\/","title":{"rendered":"Annonces du dimanche 14 d\u00e9cembre"},"content":{"rendered":"<p>Chers paroissiens,<\/p>\n<p>Voici un petit rappel des annonces de dimanche dernier. <strong><span style=\"text-decoration: underline;\">Merci de l&rsquo;attention que vous voudrez bien y porter.<\/span><\/strong><\/p>\n<p><strong>Ce jeudi \u00e0 20h<\/strong>, nous faisons une <strong>op\u00e9ration \u00ab\u00a0Chorale portes ouvertes\u00a0\u00bb<\/strong> ! Apr\u00e8s une petite r\u00e9p\u00e9tition (qui ne sera pas la r\u00e9p\u00e9tition pour No\u00ebl mais pour un dimanche ordinaire), nous ferons un petit repas convivial. Si vous \u00eates tent\u00e9s, n&rsquo;h\u00e9sitez pas \u00e0 rejoindre la chorale le temps de cette soir\u00e9e ! cela ne vous engage pas pour le futur !<strong> Inscrivez-vous<\/strong> <a href=\"http:\/\/doodle.com\/dgnwfbf252fgkc2t\">ici<\/a> en pr\u00e9cisant en commentaire ce que vous apportez pour le repas.<\/p>\n<p>Nous ferons une <strong>r\u00e9p\u00e9tition exceptionnelle pour la veill\u00e9e et les messes de No\u00ebl le mardi 23 d\u00e9cembre \u00e0 20h<\/strong>. Si vous souhaitez et\/ou pouvez venir renforcer les rangs de la chorale \u00e0 l&rsquo;occasion de No\u00ebl, vous \u00eates les bienvenus. Cela ne vous engage pas pour le futur ! Merci de vous inscrire aussi <a href=\"http:\/\/doodle.com\/dgnwfbf252fgkc2t\">ici<\/a>. Si vous accueillez des parents, des enfants, des amis pour No\u00ebl \u00e0 Marseille, merci de leur transmettre cette invitation car la chorale va souffrir quelques d\u00e9fections pendant les vacances.<\/p>\n<p><strong>Samedi prochain<\/strong>, 20 d\u00e9cembre, <strong>r\u00e9p\u00e9tition pour la cr\u00e8che vivante \u00e0 9h30<\/strong> \u00e0 l&rsquo;\u00e9glise pour tous les enfants qui souhaitent jouer dans le conte de No\u00ebl qui sera lu pendant la veill\u00e9e de No\u00ebl. Merci de pr\u00e9venir l&rsquo;abb\u00e9 Gillet (abbegillet@gmail.com) du nom et de l&rsquo;age de vos enfants qui seront pr\u00e9sents pour qu&rsquo;il puisse pr\u00e9voir un peu les r\u00f4les&#8230;<\/p>\n<p><strong>Samedi prochain \u00e9galement, grande mission de No\u00ebl de 14h45 \u00e0 18h<\/strong>. <a href=\"http:\/\/doodle.com\/r6dathiyuyf53ax9\">Inscrivez-vous<\/a> pour un ou plusieurs cr\u00e9neaux soit pour l&rsquo;adoration, soit pour la distribution de tracts, soit pour la visite aux commer\u00e7ants. Pr\u00e9cisez-le en commentaire. Venez, et vous serez surpris de voir le bon accueil que les gens nous font. C&rsquo;est aussi une occasion r\u00eav\u00e9e de parler de J\u00e9sus. Vous ne serez pas seul, mais toujours deux par deux, comme les disciples que J\u00e9sus envoie en avant de lui&#8230;<\/p>\n<p><strong>Samedi prochain enfin<\/strong>, il y aura un <strong>concert<\/strong> de l&rsquo;ensemble vocal de Cassis et de l&rsquo;ensemble baroque Parnassie \u00e0 20h30. Au programme : le gloria et le magnificat de Antonio Vivaldi. Toutes les infos et r\u00e9servation sur <a href=\"http:\/\/www.ensemblevocaldecassis.com\/\">http:\/\/www.ensemblevocaldecassis.com\/<\/a><\/p>\n<p>La conf\u00e9rence Saint-Vincent-de-Paul d\u00e9bute ses actions. Si vous avez des personnes de votre entourage (voisins, amis&#8230;) qui sont seules \u00e0 No\u00ebl, n&rsquo;h\u00e9sitez pas \u00e0 leur faire signe pour la veill\u00e9e et la messe, et m\u00eame \u00e0 les accueillir ! Si vous ne pouvez les accueillir, signalez-les nous pour que nous puissions les orienter vers quelques familles qui se sont propos\u00e9es.<\/p>\n<p>Enfin, il ne reste plus que quelques jours pour soutenir l&rsquo;Eglise et ses pr\u00eatres par le denier de l&rsquo;Eglise. vous pouvez le faire soit par <a href=\"http:\/\/marseille.catholique.fr\/don\">internet<\/a>, soit en prenant une enveloppe bleue \u00e0 la sortie de l&rsquo;\u00e9glise. Dans tous les cas, <span style=\"text-decoration: underline;\"><strong>pr\u00e9cisez bien que vous \u00eates de la paroisse Saint-Charles<\/strong><\/span> pour que votre don soit bien r\u00e9pertori\u00e9 ! (si vous ne pr\u00e9cisez rien, il sera attribu\u00e9 \u00e0 votre paroisse territoriale !). Pour ce faire, par internet, il suffit de choisir \u00ab\u00a0saint-Charles\u00a0\u00bb dans le menu d\u00e9roulant. Si vous optez pour la version papier, il faut remplir le d\u00e9pliant fourni avec l&rsquo;enveloppe. Au 11 d\u00e9cembre, il n&rsquo;y avait encore que 29 donateurs recens\u00e9s de la paroisse Saint-Charles&#8230;.D&rsquo;avance MERCI !<\/p>\n<p>En vous assurant de nos pri\u00e8res,<\/p>\n<p>Abb\u00e9s Gillet et Molin<\/p>\n<p>&nbsp;<\/p>\n","protected":false},"excerpt":{"rendered":"<p>Chers paroissiens, Voici un petit rappel des annonces de dimanche dernier. Merci de l&rsquo;attention que vous voudrez bien y porter. Ce jeudi \u00e0 20h, nous faisons une op\u00e9ration \u00ab\u00a0Chorale portes ouvertes\u00a0\u00bb ! Apr\u00e8s une petite r\u00e9p\u00e9tition (qui ne sera pas&#8230;<br \/><a class=\"read-more-button\" href=\"https:\/\/paroisse-saint-charles.fr\/WordPress3\/2014\/12\/annonces-dimanche-14-decembre\/\">Savoir plus<\/a><\/p>\n","protected":false},"author":4,"featured_media":0,"comment_status":"closed","ping_status":"closed","sticky":false,"template":"","format":"standard","meta":{"footnotes":""},"categories":[8,11,2],"tags":[],"class_list":["post-509","post","type-post","status-publish","format-standard","hentry","category-homepage","category-newsletter","category-vie-de-la-paroisse"],"jetpack_featured_media_url":"","_links":{"self":[{"href":"https:\/\/paroisse-saint-charles.fr\/WordPress3\/wp-json\/wp\/v2\/posts\/509","targetHints":{"allow":["GET"]}}],"collection":[{"href":"https:\/\/paroisse-saint-charles.fr\/WordPress3\/wp-json\/wp\/v2\/posts"}],"about":[{"href":"https:\/\/paroisse-saint-charles.fr\/WordPress3\/wp-json\/wp\/v2\/types\/post"}],"author":[{"embeddable":true,"href":"https:\/\/paroisse-saint-charles.fr\/WordPress3\/wp-json\/wp\/v2\/users\/4"}],"replies":[{"embeddable":true,"href":"https:\/\/paroisse-saint-charles.fr\/WordPress3\/wp-json\/wp\/v2\/comments?post=509"}],"version-history":[{"count":3,"href":"https:\/\/paroisse-saint-charles.fr\/WordPress3\/wp-json\/wp\/v2\/posts\/509\/revisions"}],"predecessor-version":[{"id":513,"href":"https:\/\/paroisse-saint-charles.fr\/WordPress3\/wp-json\/wp\/v2\/posts\/509\/revisions\/513"}],"wp:attachment":[{"href":"https:\/\/paroisse-saint-charles.fr\/WordPress3\/wp-json\/wp\/v2\/media?parent=509"}],"wp:term":[{"taxonomy":"category","embeddable":true,"href":"https:\/\/paroisse-saint-charles.fr\/WordPress3\/wp-json\/wp\/v2\/categories?post=509"},{"taxonomy":"post_tag","embeddable":true,"href":"https:\/\/paroisse-saint-charles.fr\/WordPress3\/wp-json\/wp\/v2\/tags?post=509"}],"curies":[{"name":"wp","href":"https:\/\/api.w.org\/{rel}","templated":true}]}}