{"id":514,"date":"2014-12-19T14:07:42","date_gmt":"2014-12-19T14:07:42","guid":{"rendered":"http:\/\/www.paroisse-saint-charles.fr\/?p=514"},"modified":"2014-12-19T14:07:42","modified_gmt":"2014-12-19T14:07:42","slug":"petit-changement-mission-samedi","status":"publish","type":"post","link":"https:\/\/paroisse-saint-charles.fr\/WordPress3\/2014\/12\/petit-changement-mission-samedi\/","title":{"rendered":"Petit changement pour la mission de samedi"},"content":{"rendered":"<p>Chers paroissiens,<\/p>\n<p>Compte tenu du concert qui se tiendra samedi soir \u00e0 Saint-Charles &#8211; concert qui n\u00e9cessitera une r\u00e9p\u00e9tition \u00e0 partir de 16h30 &#8211; nous serons oblig\u00e9s d&rsquo;interrompre l&rsquo;adoration \u00e0 partir de 16h. Pardonnez-moi ce changement de programme qui m&rsquo;est impos\u00e9. J&rsquo;avance l&rsquo;adoration, \u00e0 partir de 14h30, pour ceux qui le souhaitent.<\/p>\n<p>En revanche, cela ne modifie pas les cr\u00e9neaux horaires pour l&rsquo;accueil des passants \u00e0 la porte de l&rsquo;\u00e9glise, ni le temps de visite aux commer\u00e7ants ni le temps de tractage dans les rues adjacentes.<\/p>\n<p>Notez que l&rsquo;abb\u00e9 Molin ou moi-m\u00eame, \u00e0 tour de r\u00f4le, nous nous tiendrons \u00e0 l&rsquo;\u00e9glise pour d&rsquo;\u00e9ventuelles confessions.<\/p>\n<p>Vous pouvez vous inscrire <span id=\"OBJ_PREFIX_DWT177_com_zimbra_url\" class=\"Object\"><span id=\"OBJ_PREFIX_DWT179_com_zimbra_url\" class=\"Object\"><a href=\"http:\/\/doodle.com\/r6dathiyuyf53ax9\" target=\"_blank\">http:\/\/doodle.com\/r6dathiyuyf53ax9<\/a><\/span><\/span><\/p>\n<p>En vous assurant de mes pri\u00e8res<\/p>\n<p>Abb\u00e9 Eloi Gillet<\/p>\n<p>&nbsp;<\/p>\n","protected":false},"excerpt":{"rendered":"<p>Chers paroissiens, Compte tenu du concert qui se tiendra samedi soir \u00e0 Saint-Charles &#8211; concert qui n\u00e9cessitera une r\u00e9p\u00e9tition \u00e0 partir de 16h30 &#8211; nous serons oblig\u00e9s d&rsquo;interrompre l&rsquo;adoration \u00e0 partir de 16h. Pardonnez-moi ce changement de programme qui m&rsquo;est&#8230;<br \/><a class=\"read-more-button\" href=\"https:\/\/paroisse-saint-charles.fr\/WordPress3\/2014\/12\/petit-changement-mission-samedi\/\">Savoir plus<\/a><\/p>\n","protected":false},"author":4,"featured_media":0,"comment_status":"closed","ping_status":"closed","sticky":false,"template":"","format":"standard","meta":{"footnotes":""},"categories":[11],"tags":[],"class_list":["post-514","post","type-post","status-publish","format-standard","hentry","category-newsletter"],"jetpack_featured_media_url":"","_links":{"self":[{"href":"https:\/\/paroisse-saint-charles.fr\/WordPress3\/wp-json\/wp\/v2\/posts\/514","targetHints":{"allow":["GET"]}}],"collection":[{"href":"https:\/\/paroisse-saint-charles.fr\/WordPress3\/wp-json\/wp\/v2\/posts"}],"about":[{"href":"https:\/\/paroisse-saint-charles.fr\/WordPress3\/wp-json\/wp\/v2\/types\/post"}],"author":[{"embeddable":true,"href":"https:\/\/paroisse-saint-charles.fr\/WordPress3\/wp-json\/wp\/v2\/users\/4"}],"replies":[{"embeddable":true,"href":"https:\/\/paroisse-saint-charles.fr\/WordPress3\/wp-json\/wp\/v2\/comments?post=514"}],"version-history":[{"count":1,"href":"https:\/\/paroisse-saint-charles.fr\/WordPress3\/wp-json\/wp\/v2\/posts\/514\/revisions"}],"predecessor-version":[{"id":515,"href":"https:\/\/paroisse-saint-charles.fr\/WordPress3\/wp-json\/wp\/v2\/posts\/514\/revisions\/515"}],"wp:attachment":[{"href":"https:\/\/paroisse-saint-charles.fr\/WordPress3\/wp-json\/wp\/v2\/media?parent=514"}],"wp:term":[{"taxonomy":"category","embeddable":true,"href":"https:\/\/paroisse-saint-charles.fr\/WordPress3\/wp-json\/wp\/v2\/categories?post=514"},{"taxonomy":"post_tag","embeddable":true,"href":"https:\/\/paroisse-saint-charles.fr\/WordPress3\/wp-json\/wp\/v2\/tags?post=514"}],"curies":[{"name":"wp","href":"https:\/\/api.w.org\/{rel}","templated":true}]}}