{"id":523,"date":"2014-12-28T23:17:19","date_gmt":"2014-12-28T23:17:19","guid":{"rendered":"http:\/\/www.paroisse-saint-charles.fr\/?p=523"},"modified":"2014-12-28T23:33:36","modified_gmt":"2014-12-28T23:33:36","slug":"annonces-du-dimanche-28-decembre","status":"publish","type":"post","link":"https:\/\/paroisse-saint-charles.fr\/WordPress3\/2014\/12\/annonces-du-dimanche-28-decembre\/","title":{"rendered":"Annonces du dimanche 28 d\u00e9cembre"},"content":{"rendered":"<p>Chers paroissiens,<\/p>\n<p>Veuillez notez que ce lundi 29, il n&rsquo;y aura pas de messe \u00e0 Saint-Charles.<\/p>\n<p>La messe sera c\u00e9l\u00e9br\u00e9e \u00e0 18h ces mardi, <span style=\"text-decoration: underline;\">mercredi<\/span>, vendredi et samedi.<\/p>\n<p>La messe de jeudi 1er janvier sera c\u00e9l\u00e9br\u00e9e \u00e0 11h.<\/p>\n<p>Il n&rsquo;y aura pas de messe ce samedi \u00e0 9h, ni d&rsquo;adoration \u00e0 15h ce vendredi.<\/p>\n<p>Compte tenu des vacances, nous ferons la soir\u00e9e mis\u00e9ricorde le vendredi 9 janvier.<\/p>\n<p>Dimanche 4 janvier, nous c\u00e9l\u00e8brerons la f\u00eate de l&rsquo;Epiphanie.<\/p>\n<p>En vous assurant de nos pri\u00e8res, je vous souhaite une sainte ann\u00e9e 2015<\/p>\n<p>Abb\u00e9 Gillet<\/p>\n","protected":false},"excerpt":{"rendered":"<p>Chers paroissiens, Veuillez notez que ce lundi 29, il n&rsquo;y aura pas de messe \u00e0 Saint-Charles. La messe sera c\u00e9l\u00e9br\u00e9e \u00e0 18h ces mardi, mercredi, vendredi et samedi. La messe de jeudi 1er janvier sera c\u00e9l\u00e9br\u00e9e \u00e0 11h. Il n&rsquo;y&#8230;<br \/><a class=\"read-more-button\" href=\"https:\/\/paroisse-saint-charles.fr\/WordPress3\/2014\/12\/annonces-du-dimanche-28-decembre\/\">Savoir plus<\/a><\/p>\n","protected":false},"author":4,"featured_media":0,"comment_status":"closed","ping_status":"closed","sticky":false,"template":"","format":"standard","meta":{"footnotes":""},"categories":[8,11,2],"tags":[],"class_list":["post-523","post","type-post","status-publish","format-standard","hentry","category-homepage","category-newsletter","category-vie-de-la-paroisse"],"jetpack_featured_media_url":"","_links":{"self":[{"href":"https:\/\/paroisse-saint-charles.fr\/WordPress3\/wp-json\/wp\/v2\/posts\/523","targetHints":{"allow":["GET"]}}],"collection":[{"href":"https:\/\/paroisse-saint-charles.fr\/WordPress3\/wp-json\/wp\/v2\/posts"}],"about":[{"href":"https:\/\/paroisse-saint-charles.fr\/WordPress3\/wp-json\/wp\/v2\/types\/post"}],"author":[{"embeddable":true,"href":"https:\/\/paroisse-saint-charles.fr\/WordPress3\/wp-json\/wp\/v2\/users\/4"}],"replies":[{"embeddable":true,"href":"https:\/\/paroisse-saint-charles.fr\/WordPress3\/wp-json\/wp\/v2\/comments?post=523"}],"version-history":[{"count":1,"href":"https:\/\/paroisse-saint-charles.fr\/WordPress3\/wp-json\/wp\/v2\/posts\/523\/revisions"}],"predecessor-version":[{"id":524,"href":"https:\/\/paroisse-saint-charles.fr\/WordPress3\/wp-json\/wp\/v2\/posts\/523\/revisions\/524"}],"wp:attachment":[{"href":"https:\/\/paroisse-saint-charles.fr\/WordPress3\/wp-json\/wp\/v2\/media?parent=523"}],"wp:term":[{"taxonomy":"category","embeddable":true,"href":"https:\/\/paroisse-saint-charles.fr\/WordPress3\/wp-json\/wp\/v2\/categories?post=523"},{"taxonomy":"post_tag","embeddable":true,"href":"https:\/\/paroisse-saint-charles.fr\/WordPress3\/wp-json\/wp\/v2\/tags?post=523"}],"curies":[{"name":"wp","href":"https:\/\/api.w.org\/{rel}","templated":true}]}}