{"id":545,"date":"2015-01-18T16:05:03","date_gmt":"2015-01-18T16:05:03","guid":{"rendered":"http:\/\/www.paroisse-saint-charles.fr\/?p=545"},"modified":"2015-02-15T19:37:34","modified_gmt":"2015-02-15T19:37:34","slug":"annonces-du-dimanche-17-janvier","status":"publish","type":"post","link":"https:\/\/paroisse-saint-charles.fr\/WordPress3\/2015\/01\/annonces-du-dimanche-17-janvier\/","title":{"rendered":"Annonces du dimanche 17 janvier"},"content":{"rendered":"<p style=\"text-align: justify;\">Chers paroissiens,<\/p>\n<p style=\"text-align: justify;\">Notez que cette semaine il n&rsquo;y aura <strong>pas de messe ce jeudi<\/strong> (ni l&rsquo;adoration qui la pr\u00e9c\u00e8de). Il n&rsquo;y aura pas d&rsquo;adoration ce vendredi \u00e0 15.<\/p>\n<p style=\"text-align: justify;\">Il n&rsquo;y aura <strong>pas KT pour le groupe de 4\u00e8me\/3\u00e8me<\/strong> ce mercredi. Mais <strong>tous les autres groupes auront bien kt<\/strong>.<\/p>\n<p style=\"text-align: justify;\">Contrairement \u00e0 ce qui a \u00e9t\u00e9 annonc\u00e9 ce matin, il n&rsquo;y aura <strong>pas de r\u00e9p\u00e9tition de chorale ce jeudi<\/strong>. La r\u00e9p\u00e9tition est report\u00e9e au jeudi suivant (jeudi 29 janvier).<\/p>\n<p style=\"text-align: justify;\">Notez la marche pour la vie dimanche prochain.<\/p>\n<p style=\"text-align: justify;\">Notez \u00e9galement le <strong>pique-nique paroissial le dimanche 1er f\u00e9vrier<\/strong> \u00e0 l&rsquo;issue de la grand-messe.<\/p>\n<p style=\"text-align: justify;\">Merci \u00e0 tous pour l&rsquo;effort d&rsquo;accueil des nouveaux ! Continuons&#8230;<\/p>\n<p style=\"text-align: justify;\">Merci \u00e9galement pour votre g\u00e9n\u00e9rosit\u00e9 au denier de l&rsquo;Eglise.<\/p>\n<p style=\"text-align: justify;\">En vous assurant de nos pri\u00e8res<\/p>\n<p style=\"text-align: justify;\">Abb\u00e9 Eloi Gillet<\/p>\n<p style=\"text-align: justify;\">\n","protected":false},"excerpt":{"rendered":"<p>Chers paroissiens, Notez que cette semaine il n&rsquo;y aura pas de messe ce jeudi (ni l&rsquo;adoration qui la pr\u00e9c\u00e8de). Il n&rsquo;y aura pas d&rsquo;adoration ce vendredi \u00e0 15. Il n&rsquo;y aura pas KT pour le groupe de 4\u00e8me\/3\u00e8me ce mercredi&#8230;.<br \/><a class=\"read-more-button\" href=\"https:\/\/paroisse-saint-charles.fr\/WordPress3\/2015\/01\/annonces-du-dimanche-17-janvier\/\">Savoir plus<\/a><\/p>\n","protected":false},"author":4,"featured_media":0,"comment_status":"closed","ping_status":"closed","sticky":false,"template":"","format":"standard","meta":{"footnotes":""},"categories":[8,11,2],"tags":[],"class_list":["post-545","post","type-post","status-publish","format-standard","hentry","category-homepage","category-newsletter","category-vie-de-la-paroisse"],"jetpack_featured_media_url":"","_links":{"self":[{"href":"https:\/\/paroisse-saint-charles.fr\/WordPress3\/wp-json\/wp\/v2\/posts\/545","targetHints":{"allow":["GET"]}}],"collection":[{"href":"https:\/\/paroisse-saint-charles.fr\/WordPress3\/wp-json\/wp\/v2\/posts"}],"about":[{"href":"https:\/\/paroisse-saint-charles.fr\/WordPress3\/wp-json\/wp\/v2\/types\/post"}],"author":[{"embeddable":true,"href":"https:\/\/paroisse-saint-charles.fr\/WordPress3\/wp-json\/wp\/v2\/users\/4"}],"replies":[{"embeddable":true,"href":"https:\/\/paroisse-saint-charles.fr\/WordPress3\/wp-json\/wp\/v2\/comments?post=545"}],"version-history":[{"count":1,"href":"https:\/\/paroisse-saint-charles.fr\/WordPress3\/wp-json\/wp\/v2\/posts\/545\/revisions"}],"predecessor-version":[{"id":546,"href":"https:\/\/paroisse-saint-charles.fr\/WordPress3\/wp-json\/wp\/v2\/posts\/545\/revisions\/546"}],"wp:attachment":[{"href":"https:\/\/paroisse-saint-charles.fr\/WordPress3\/wp-json\/wp\/v2\/media?parent=545"}],"wp:term":[{"taxonomy":"category","embeddable":true,"href":"https:\/\/paroisse-saint-charles.fr\/WordPress3\/wp-json\/wp\/v2\/categories?post=545"},{"taxonomy":"post_tag","embeddable":true,"href":"https:\/\/paroisse-saint-charles.fr\/WordPress3\/wp-json\/wp\/v2\/tags?post=545"}],"curies":[{"name":"wp","href":"https:\/\/api.w.org\/{rel}","templated":true}]}}