{"id":6561,"date":"2018-08-27T01:00:13","date_gmt":"2018-08-26T23:00:13","guid":{"rendered":"http:\/\/www.paroisse-saint-charles.fr\/?p=6561"},"modified":"2018-08-27T01:01:26","modified_gmt":"2018-08-26T23:01:26","slug":"annonces-dimanche-26-aout","status":"publish","type":"post","link":"https:\/\/paroisse-saint-charles.fr\/WordPress3\/2018\/08\/annonces-dimanche-26-aout\/","title":{"rendered":"Annonces du dimanche 26 ao\u00fbt."},"content":{"rendered":"<p>Chers paroissiens,<\/p>\n<p>voici les horaires de cette semaine :<\/p>\n<ul>\n<li>lundi 27, St Joseph Calasanz, messe \u00e0 18h30 puis adoration<\/li>\n<li>mardi 28, St Augustin, messe \u00e0 18h30, adoration \u00e0 8h30<\/li>\n<li>mercredi 29, d\u00e9collation de St Jean Baptiste, messe \u00e0 10h30, adoration \u00e0 9h30<\/li>\n<li>jeudi 30,\u00a0St Rose de Lima, messe \u00e0 12h15, adoration \u00e0 11h15.<\/li>\n<li>Vendredi 31 ao\u00fbt, St Lazare, patron du dioc\u00e8se de Marseille, messe \u00e0 18h30, adoration \u00e0 15h.<\/li>\n<li>Samedi\u00a01er septembre, de la Sainte Vierge, premier samedi du mois, messe \u00e0 18h30, adoration \u00e0 8h30.<\/li>\n<li>Dimanche 2 septembre, messes \u00e0 9h et 10h30.<\/li>\n<\/ul>\n<p>&nbsp;<\/p>\n<p>Bienvenue aux nouveaux paroissiens arriv\u00e9s durant l&rsquo;\u00e9t\u00e9 ! Veillons tous \u00e0 accueillir toutes les personnes de passage \u00e0 l&rsquo;\u00e9glise.<\/p>\n<p>&nbsp;<\/p>\n<p><strong>Le projet de chorale d&rsquo;enfants<\/strong> s&rsquo;affine. Cette <span style=\"text-decoration: underline;\">ma\u00eetrise Saint-Charles s&rsquo;adresse pour l&rsquo;instant aux enfants de 5 ans (voire 4ans) \u00e0 8 ans<\/span>, sous la direction de Bibiane Paul qui a la formation ad\u00e9quate. Le but de cette ma\u00eetrise est d&rsquo;offrir une formation musicale aux enfants, de leur faire d\u00e9couvrir quelques instruments et de les former au chant choral <span style=\"text-decoration: underline;\">en vue d&rsquo;un spectacle musical et en vue d&rsquo;une participation occasionnelle \/ r\u00e9guli\u00e8re \u00e0 la liturgie.<\/span><\/p>\n<p>Il y aura pour cela une r\u00e9p\u00e9tition chaque semaine, \u00e0 l&rsquo;\u00e9glise Saint-Charles. <strong>L&rsquo;heure de la r\u00e9p\u00e9tition reste encore \u00e0 d\u00e9finir<\/strong> : soit le mercredi matin (\u00e0 9h30), soit le mercredi apr\u00e8s midi (13h30 ?, 14h30 ?), soit le mardi soir (\u00e0 partir de 17h). <span style=\"text-decoration: underline;\">Merci \u00e0 ceux qui sont int\u00e9ress\u00e9s de signaler leur pr\u00e9f\u00e9rence ainsi que le nombre d&rsquo;enfants concern\u00e9s<\/span> ! Un cotisation sera demand\u00e9e (aux alentours de 80\u20ac\/enfant, tarifs d\u00e9gressifs probables en fonction du nombre d&rsquo;inscrit).<\/p>\n<p>S&rsquo;il y a des enfants plus ag\u00e9s (8ans et plus) qui sont int\u00e9ress\u00e9s par une proposition similaire, merci de nous le signaler, et de nous indiquer les horaires qui conviendraient ainsi que le nombre d&rsquo;enfants concern\u00e9s.<\/p>\n<p>En vous assurant de nos pri\u00e8res<\/p>\n<p>Abb\u00e9 Eloi Gillet<br \/>\nAbb\u00e9 Florent Molin<br \/>\nAbb\u00e9 Guillaume<\/p>\n","protected":false},"excerpt":{"rendered":"<p>Chers paroissiens, voici les horaires de cette semaine : lundi 27, St Joseph Calasanz, messe \u00e0 18h30 puis adoration mardi 28, St Augustin, messe \u00e0 18h30, adoration \u00e0 8h30 mercredi 29, d\u00e9collation de St Jean Baptiste, messe \u00e0 10h30, adoration&#8230;<br \/><a class=\"read-more-button\" href=\"https:\/\/paroisse-saint-charles.fr\/WordPress3\/2018\/08\/annonces-dimanche-26-aout\/\">Savoir plus<\/a><\/p>\n","protected":false},"author":4,"featured_media":0,"comment_status":"closed","ping_status":"closed","sticky":false,"template":"","format":"standard","meta":{"footnotes":""},"categories":[8,11],"tags":[],"class_list":["post-6561","post","type-post","status-publish","format-standard","hentry","category-homepage","category-newsletter"],"jetpack_featured_media_url":"","_links":{"self":[{"href":"https:\/\/paroisse-saint-charles.fr\/WordPress3\/wp-json\/wp\/v2\/posts\/6561","targetHints":{"allow":["GET"]}}],"collection":[{"href":"https:\/\/paroisse-saint-charles.fr\/WordPress3\/wp-json\/wp\/v2\/posts"}],"about":[{"href":"https:\/\/paroisse-saint-charles.fr\/WordPress3\/wp-json\/wp\/v2\/types\/post"}],"author":[{"embeddable":true,"href":"https:\/\/paroisse-saint-charles.fr\/WordPress3\/wp-json\/wp\/v2\/users\/4"}],"replies":[{"embeddable":true,"href":"https:\/\/paroisse-saint-charles.fr\/WordPress3\/wp-json\/wp\/v2\/comments?post=6561"}],"version-history":[{"count":2,"href":"https:\/\/paroisse-saint-charles.fr\/WordPress3\/wp-json\/wp\/v2\/posts\/6561\/revisions"}],"predecessor-version":[{"id":6563,"href":"https:\/\/paroisse-saint-charles.fr\/WordPress3\/wp-json\/wp\/v2\/posts\/6561\/revisions\/6563"}],"wp:attachment":[{"href":"https:\/\/paroisse-saint-charles.fr\/WordPress3\/wp-json\/wp\/v2\/media?parent=6561"}],"wp:term":[{"taxonomy":"category","embeddable":true,"href":"https:\/\/paroisse-saint-charles.fr\/WordPress3\/wp-json\/wp\/v2\/categories?post=6561"},{"taxonomy":"post_tag","embeddable":true,"href":"https:\/\/paroisse-saint-charles.fr\/WordPress3\/wp-json\/wp\/v2\/tags?post=6561"}],"curies":[{"name":"wp","href":"https:\/\/api.w.org\/{rel}","templated":true}]}}