{"id":6566,"date":"2018-09-03T00:38:39","date_gmt":"2018-09-02T22:38:39","guid":{"rendered":"http:\/\/www.paroisse-saint-charles.fr\/?p=6566"},"modified":"2018-09-03T00:42:50","modified_gmt":"2018-09-02T22:42:50","slug":"annonces-dimanche-2-septembre","status":"publish","type":"post","link":"https:\/\/paroisse-saint-charles.fr\/WordPress3\/2018\/09\/annonces-dimanche-2-septembre\/","title":{"rendered":"Annonces du dimanche 2 septembre."},"content":{"rendered":"<p>Chers paroissiens,<\/p>\n<p>Voici les annonces pour\u00a0cette semaine et quelques informations \u00e0 lire :<\/p>\n<ul>\n<li>lundi 3, St Pie X, messe \u00e0 18h30, suivie de l&rsquo;adoration<\/li>\n<li>mardi 4, saints \u00e9v\u00eaques de Marseille, messe \u00e0 18h30, adoration \u00e0 8h30<\/li>\n<li>mercredi 5, St Laurent Justinien, messes \u00e0 10h30 et 18h30, adoration \u00e0 9h30.<\/li>\n<li>jeudi 6, de la f\u00e9rie, messes \u00e0 12h15 et 18h30, adoration \u00e0 11h15.<\/li>\n<li>vendredi 7, de la f\u00e9rie, <span style=\"text-decoration: underline;\"><strong>premier vendredi du mois<\/strong>, messes \u00e0 12h15 et 18h30, Heure Sainte \u00e0 15h et Soir\u00e9e Mis\u00e9ricorde avec m\u00e9ditation sur la Mis\u00e9ricorde, chapelet et adoration\/confession jusqu&rsquo;\u00e0 22h ! Venez nombreux confier vos familles, vos projets et toute cette nouvelle ann\u00e9e \u00e0 J\u00e9sus Mis\u00e9ricordieux !<\/span><\/li>\n<li>samedi 8, Nativit\u00e9 de la Sainte Vierge, messes \u00e0 12h15 et 18h30, adoration \u00e0 8h30, v\u00eapres \u00e0 19h.<\/li>\n<li>Dimanche 9, 16\u00e8me dimanche apr\u00e8s la Pentec\u00f4te, messe lue \u00e0 9h et messe chant\u00e9e \u00e0 10h30, v\u00eapres et Salut du Saint Sacrement \u00e0 18h.<\/li>\n<\/ul>\n<p><em>Nous avons l&rsquo;habitude de chanter les v\u00eapres avant les messes de 18h30 en semaine (except\u00e9 le lundi), vous \u00eates les bienvenus.<\/em><\/p>\n<p>Les <strong>r\u00e9p\u00e9titions de chorale<\/strong> reprennent \u00e0 partir de ce jeudi, de 20h \u00e0 22h. <strong>La chorale recrute<\/strong>, tous les pupitres sont \u00e0 renforcer, principalement les basses, les alto et les sopranos. Contacter Mme Bibiane Paul 06 16 35 58 75.<\/p>\n<p>L&rsquo;<strong>\u00e9quipe des fleuristes<\/strong> cherche aussi des renforts ! Contactez Monsieur Marc Raffailhac 06 24 49 05 59.<\/p>\n<ol>\n<li><strong>Concernant l&rsquo;ordination de l&rsquo;abb\u00e9 Montfort Gillet :<\/strong><\/li>\n<\/ol>\n<ul>\n<li>La c\u00e9r\u00e9monie a lieu \u00e0 la cath\u00e9drale ND de la Seds (\u00e0 Toulon) le samedi 22 septembre \u00e0 9h30.<\/li>\n<li>Il est possible de participer au repas. Pour cela, inscrivez-vous aupr\u00e8s du fr\u00e8re S\u00e9bastien <a href=\"mailto:sgratreaud@gmail.com\">sgratreaud@gmail.com<\/a> avant le 10 septembre ! une participation de 14\u20ac\/pers est demand\u00e9e. Les enfants peuvent prendre un pique nique.<\/li>\n<li>Il est aussi possible de participer au cadeau d&rsquo;ordination que la paroisse lui offrira (un jeu d&rsquo;ornement). Adressez vous \u00e0 l&rsquo;abb\u00e9 Eloi Gillet.<\/li>\n<li>Le <span style=\"text-decoration: underline;\">dimanche 30 septembre, il viendra c\u00e9l\u00e9brer une premi\u00e8re\u00a0messe solennelle \u00e0 Saint-Charles, qui sera suivie du repas paroissial de rentr\u00e9e (\u00e0 la salle Saint-Philippe au 88 rue Jules Moulet). A 16h, il y aura la c\u00e9r\u00e9monie de b\u00e9atification de l&rsquo;abb\u00e9 Jean Baptiste Fouque \u00e0 la Cath\u00e9drale de la Major.<\/span><\/li>\n<\/ul>\n<p>2. \u00a0<strong>Concernant le cat\u00e9chisme :<\/strong><\/p>\n<ul>\n<li>les inscriptions se feront le <span style=\"text-decoration: underline;\">mercredi 19 septembre<\/span>.<\/li>\n<li>les primaires auront le cat\u00e9chisme chaque semaine \u00e0 l&rsquo;issue de la messe de 10h30, donc vers 11h05.<\/li>\n<li>les coll\u00e9giens auront le cat\u00e9chisme chaque semaine. L&rsquo;horaire reste \u00e0 confirmer. Jusqu&rsquo;ici, cela avait lieu \u00e0 13h45. Afin de v\u00e9rifier que cet horaire convient toujours au plus grand nombre, merci aux parents concern\u00e9s de <a href=\"https:\/\/doodle.com\/poll\/3yvrpqxezd22hsii\">remplir ce sondage<\/a>, une ligne par enfant en pr\u00e9cisant la classe \u00e0 cot\u00e9 du nom. Notez que la date mise sur le sondage (19 septembre) est arbitraire, ce qui importe, c&rsquo;est l&rsquo;horaire !<\/li>\n<li>Les lyc\u00e9ens auront le cat\u00e9chisme \/ aum\u00f4nerie un mercredi sur deux, de 19h \u00e0 21h, repas compris.<\/li>\n<\/ul>\n<p>3. \u00a0<strong>Concernant la Ma\u00eetrise Saint-Charles :<\/strong><\/p>\n<ul>\n<li>un groupe d&rsquo;enfant de 5 ans (voire 4 ans) \u00e0 8 ans serait sous la responsabilit\u00e9 de Bibiane Paul.<\/li>\n<li>Ce groupe se r\u00e9unirait chaque semaine. Au vu des r\u00e9ponses re\u00e7ues, ce serait le mercredi matin de 9h30 \u00e0 10h30<\/li>\n<li>Merci cependant de <a href=\"https:\/\/doodle.com\/poll\/t643xaadraspwwap\">remplir ce sondage<\/a> afin de centraliser et compl\u00e9ter les r\u00e9ponses. Notez que les dates des 18 et 19 septembre sont arbitraires. En revanche notez qu&rsquo;il y a un cr\u00e9neau propos\u00e9 le mardi soir, les autres sont le mercredi matin ou apr\u00e8s midi.<\/li>\n<li>Comme certains enfants plus ag\u00e9s sont int\u00e9ress\u00e9s aussi par ce projet de ma\u00eetrise, nous r\u00e9fl\u00e9chissons \u00e0 monter aussi un groupe pour eux. Monsieur Benoit Dumon (dont c&rsquo;est le m\u00e9tier) en aurait la charge. Merci \u00e0 ceux qui sont int\u00e9ress\u00e9s de <a href=\"https:\/\/doodle.com\/poll\/2assez24idxv8n57\">remplir ce sondage<\/a>. Notez que c&rsquo;est un cr\u00e9neau hebdomadaire de 2h le mercredi, de 14h45 \u00e0 16h45, qui concerne les primaires et le coll\u00e9giens.<\/li>\n<\/ul>\n<p>4. <strong>Concernant l&rsquo;accueil :<\/strong><\/p>\n<ul>\n<li>Bienvenue aux nouveaux paroissiens. Ils peuvent s&rsquo;inscrire au mailing paroissial via le site de la paroisse ou en d&rsquo;adressant \u00e0 l&rsquo;abb\u00e9 Gillet (06 74 65 73 51).<\/li>\n<li>Veillons tous \u00e0 rester vigilants quant \u00e0 l&rsquo;accueil des nouveaux, que ce soient de nouvelles familles ou des personnes isol\u00e9es. Il se trouve plusieurs cat\u00e9chum\u00e8nes adultes qu&rsquo;il convient d&rsquo;accueillir et d&rsquo;ins\u00e9rer dans la paroisse ! Ouvrons nos yeux et nos coeurs.<\/li>\n<li>Une <a href=\"https:\/\/www.ssvp.fr\">conf\u00e9rence Saint-Vincent-de-Paul<\/a> va rena\u00eetre sur la paroisse. Contactez Mme Laetitia Pillet (06 64 87 38 61) pour vous joindre \u00e0 cette conf\u00e9rence. Notez la <span style=\"text-decoration: underline;\">messe de rentr\u00e9e des conf\u00e9rences le mardi 11septembre \u00e0 18h30 \u00e0 Saint-Charles<\/span> (le Bienheureux Fred\u00e9ric Ozanam, fondateur de la SSVP ayant \u00e9t\u00e9 enterr\u00e9 sur la paroisse). Deux personnes proches de l&rsquo;\u00e9glise ont sollicit\u00e9 notre aide, l&rsquo;une \u00e2g\u00e9e pour pr\u00e9parer un repas le WE, l&rsquo;autre devant subir une op\u00e9ration aura besoin d&rsquo;un peu d&rsquo;assistance\u00a0\u00a0d&rsquo;ici une semaine. Merci de vous signaler si vous avez un peu de disponibilit\u00e9 pour cela.<\/li>\n<li>N&rsquo;h\u00e9sitez pas \u00e0 solliciter et inviter l&rsquo;abb\u00e9 Guillaume, notre s\u00e9minariste stagiaire ! Les lundis et samedis soirs sont nos soir\u00e9es libres. Son t\u00e9l\u00e9phone 06 36 34 44 63.<\/li>\n<\/ul>\n<p>Pensez \u00e0 <span style=\"text-decoration: underline;\">r\u00e9cup\u00e9rer les objets perdus<\/span> qui sont entrepos\u00e9s dans le placard \u00e0 l&rsquo;entr\u00e9e de la sacristie.<\/p>\n<p>&nbsp;<\/p>\n<p>Prions et je\u00fbnons pour l&rsquo;Eglise et pour le Pape<\/p>\n<p>Ecclesia semper reformanda.<\/p>\n<p>En vous assurant de nos pri\u00e8res<\/p>\n<p>Abb\u00e9 Eloi Gillet<br \/>\nAbb\u00e9 Florent Molin<br \/>\nAbb\u00e9 Guillaume Le Gall<\/p>\n<p>&nbsp;<\/p>\n<p>&nbsp;<\/p>\n","protected":false},"excerpt":{"rendered":"<p>Chers paroissiens, Voici les annonces pour\u00a0cette semaine et quelques informations \u00e0 lire : lundi 3, St Pie X, messe \u00e0 18h30, suivie de l&rsquo;adoration mardi 4, saints \u00e9v\u00eaques de Marseille, messe \u00e0 18h30, adoration \u00e0 8h30 mercredi 5, St Laurent&#8230;<br \/><a class=\"read-more-button\" href=\"https:\/\/paroisse-saint-charles.fr\/WordPress3\/2018\/09\/annonces-dimanche-2-septembre\/\">Savoir plus<\/a><\/p>\n","protected":false},"author":4,"featured_media":0,"comment_status":"closed","ping_status":"closed","sticky":false,"template":"","format":"standard","meta":{"footnotes":""},"categories":[8,11,2],"tags":[],"class_list":["post-6566","post","type-post","status-publish","format-standard","hentry","category-homepage","category-newsletter","category-vie-de-la-paroisse"],"jetpack_featured_media_url":"","_links":{"self":[{"href":"https:\/\/paroisse-saint-charles.fr\/WordPress3\/wp-json\/wp\/v2\/posts\/6566","targetHints":{"allow":["GET"]}}],"collection":[{"href":"https:\/\/paroisse-saint-charles.fr\/WordPress3\/wp-json\/wp\/v2\/posts"}],"about":[{"href":"https:\/\/paroisse-saint-charles.fr\/WordPress3\/wp-json\/wp\/v2\/types\/post"}],"author":[{"embeddable":true,"href":"https:\/\/paroisse-saint-charles.fr\/WordPress3\/wp-json\/wp\/v2\/users\/4"}],"replies":[{"embeddable":true,"href":"https:\/\/paroisse-saint-charles.fr\/WordPress3\/wp-json\/wp\/v2\/comments?post=6566"}],"version-history":[{"count":7,"href":"https:\/\/paroisse-saint-charles.fr\/WordPress3\/wp-json\/wp\/v2\/posts\/6566\/revisions"}],"predecessor-version":[{"id":6573,"href":"https:\/\/paroisse-saint-charles.fr\/WordPress3\/wp-json\/wp\/v2\/posts\/6566\/revisions\/6573"}],"wp:attachment":[{"href":"https:\/\/paroisse-saint-charles.fr\/WordPress3\/wp-json\/wp\/v2\/media?parent=6566"}],"wp:term":[{"taxonomy":"category","embeddable":true,"href":"https:\/\/paroisse-saint-charles.fr\/WordPress3\/wp-json\/wp\/v2\/categories?post=6566"},{"taxonomy":"post_tag","embeddable":true,"href":"https:\/\/paroisse-saint-charles.fr\/WordPress3\/wp-json\/wp\/v2\/tags?post=6566"}],"curies":[{"name":"wp","href":"https:\/\/api.w.org\/{rel}","templated":true}]}}