{"id":8417,"date":"2020-05-16T18:20:22","date_gmt":"2020-05-16T16:20:22","guid":{"rendered":"http:\/\/paroisse-saint-charles.fr\/WordPress3\/?p=8417"},"modified":"2020-05-16T18:24:18","modified_gmt":"2020-05-16T16:24:18","slug":"annonces-du-dimanche-17-mai-2","status":"publish","type":"post","link":"https:\/\/paroisse-saint-charles.fr\/WordPress3\/2020\/05\/annonces-du-dimanche-17-mai-2\/","title":{"rendered":"Annonces du dimanche 17 mai"},"content":{"rendered":"<p>Chers paroissiens,<\/p>\n<p>la messe de ce dimanche 17 mai sera diffus\u00e9e sur la <a href=\"https:\/\/www.youtube.com\/channel\/UCjO5ytFm-MHFAnw9XOTG0jg\/featured\">chaine Youtube de la paroisse<\/a> \u00e0 10h.<\/p>\n<p>Vous trouverez ci-dessous les chants pour la messe.<\/p>\n<p>Notez cette semaine :<\/p>\n<ul>\n<li>lundi 18, des Rogations, f\u00eate de St Venant, l&rsquo;\u00e9glise est ouverte de 15h \u00e0 18h.<\/li>\n<li>mardi 19, des rogations, St Pierre Celestin, l&rsquo;\u00e9glise est ouverte de 9h30 \u00e0 20h, adoration de 15h \u00e0 19h.<\/li>\n<li>mercredi 20, vigile de l&rsquo;Ascension, \u00e9glise ouverte de 9h30 \u00e0 18h, adoration de 10h \u00e0 11h, cat\u00e9chisme de 11h \u00e0 12h pour les maternelles et primaires, et de 13h45 \u00e0 14h45 pour les coll\u00e9giens, r\u00e9p\u00e9tition de chorale des enfants \u00e0 14h45.<\/li>\n<li>jeudi 21, Ascension de NS J\u00e9sus-Christ, \u00e9glise ouverte de 15h30 \u00e0 19h avec adoration.<\/li>\n<li>vendredi 22, Sainte Rita, \u00e9glise ouverte de 9h30 \u00e0 19h, adoration de 15h \u00e0 19h.<\/li>\n<li>samedi 23, de la Sainte Vierge, \u00e9glise ouverte de 9h30 \u00e0 19h, adoration de 15h \u00e0 19h.<\/li>\n<li>Dimanche 24, Dimanche apr\u00e8s l&rsquo;Ascension, \u00e9glise ouverte de 15h30 \u00e0 19h avec adoration.<\/li>\n<\/ul>\n<p>&nbsp;<\/p>\n<p>La communaut\u00e9 des Missionnaires de la Mis\u00e9ricorde Divine soutient le <a href=\"http:\/\/capsud-mediterranee.fr\/?page_id=11611\">Centre Anthropologique de Provence<\/a>. Tout \u00e9tudiant peut s&rsquo;y inscrire pour une ann\u00e9e de formation, logement compris !<\/p>\n<p>En vous assurant de nos pri\u00e8res<\/p>\n<p>Abb\u00e9 Eloi Gillet<br \/>\nAbb\u00e9 Vincent Marie-Jeanne<br \/>\nFr\u00e8re Etienne<\/p>\n<p>&nbsp;<\/p>\n<p><strong>Entr\u00e9e\u00a0:<\/strong><\/p>\n<p><strong>Chantons victoire ! Chantons le Seigneur,<br \/>\n<\/strong><strong>C\u00e9l\u00e9brons la gloire de J\u00e9sus vainqueur.<\/strong><\/p>\n<p>1 &#8211; La terre est sauv\u00e9e, gloire \u00e0 l&rsquo;Eternel !<br \/>\nQue l&rsquo;hymne sacr\u00e9e monte jusqu&rsquo;au Ciel.<\/p>\n<p>2 &#8211; Brillant de lumi\u00e8re, l&rsquo;ange est descendu ;<br \/>\nIl roule la pierre du tombeau vaincu.<\/p>\n<p>3 &#8211; Sois dans l\u2019allegresse, peuple du Seigneur,<br \/>\nEt redis sans cesse\u00a0: le Christ est vainqueur<\/p>\n<p>&nbsp;<\/p>\n<p><strong>Communion\u00a0:<\/strong><\/p>\n<ol>\n<li>Vous \u00eates dans mon \u00e2me. J\u00e9sus \u00d4 Roi des cieux!<br \/>\nMon c\u0153ur d&rsquo;amour s&rsquo;enflamme. Au comble de mes v\u0153ux!<\/li>\n<\/ol>\n<p><strong>J\u00e9sus eucharistie,\u00a0<\/strong><strong>\u00d4 Fils de l\u2019\u00e9ternel!<br \/>\n<\/strong><strong>Pour moi dans l&rsquo;humble hostie,\u00a0<\/strong><strong>Vous descendez du ciel !<\/strong><\/p>\n<ol>\n<li>Doux ma\u00eetre je vous donne,\u00a0Ma foi, mon humble amour<br \/>\nQue votre main si bonne, Me guide chaque jour.<\/li>\n<li>Mon \u00e2me est triste lasse. Sans votre bon secours:<br \/>\nJ\u2019implore votre gr\u00e2ce :\u00a0Restez en moi toujours<\/li>\n<li>J\u00e9sus mon c\u0153ur vous aime. Gardez-lui sa faveur<br \/>\nJ\u00e9sus bont\u00e9 supr\u00eame, J\u00e9sus divin sauveur.<\/li>\n<\/ol>\n<p>&nbsp;<\/p>\n<p><strong>Sortie<\/strong><\/p>\n<p><strong>Laudate, laudate, laudate Mariam. (bis)<\/strong><\/p>\n<ol>\n<li>O Vierge Marie, entends pr\u00e8s de Dieu,<br \/>\nTon peuple qui prie\u00a0: Exauce ses v\u0153ux.<\/li>\n<li>Unis aux saints Anges devant ton autel<br \/>\nRe\u00e7ois nos louanges, O\u00a0Reine du Ciel.<\/li>\n<li>Ton \u00e2me tr\u00e8s pure est sainte en naissant.<br \/>\nDe toute souillure, le Ciel la d\u00e9fend.<\/li>\n<\/ol>\n","protected":false},"excerpt":{"rendered":"<p>Chers paroissiens, la messe de ce dimanche 17 mai sera diffus\u00e9e sur la chaine Youtube de la paroisse \u00e0 10h. Vous trouverez ci-dessous les chants pour la messe. Notez cette semaine : lundi 18, des Rogations, f\u00eate de St Venant,&#8230;<br \/><a class=\"read-more-button\" href=\"https:\/\/paroisse-saint-charles.fr\/WordPress3\/2020\/05\/annonces-du-dimanche-17-mai-2\/\">Savoir plus<\/a><\/p>\n","protected":false},"author":4,"featured_media":0,"comment_status":"closed","ping_status":"closed","sticky":false,"template":"","format":"standard","meta":{"footnotes":""},"categories":[8,11],"tags":[],"class_list":["post-8417","post","type-post","status-publish","format-standard","hentry","category-homepage","category-newsletter"],"jetpack_featured_media_url":"","_links":{"self":[{"href":"https:\/\/paroisse-saint-charles.fr\/WordPress3\/wp-json\/wp\/v2\/posts\/8417","targetHints":{"allow":["GET"]}}],"collection":[{"href":"https:\/\/paroisse-saint-charles.fr\/WordPress3\/wp-json\/wp\/v2\/posts"}],"about":[{"href":"https:\/\/paroisse-saint-charles.fr\/WordPress3\/wp-json\/wp\/v2\/types\/post"}],"author":[{"embeddable":true,"href":"https:\/\/paroisse-saint-charles.fr\/WordPress3\/wp-json\/wp\/v2\/users\/4"}],"replies":[{"embeddable":true,"href":"https:\/\/paroisse-saint-charles.fr\/WordPress3\/wp-json\/wp\/v2\/comments?post=8417"}],"version-history":[{"count":3,"href":"https:\/\/paroisse-saint-charles.fr\/WordPress3\/wp-json\/wp\/v2\/posts\/8417\/revisions"}],"predecessor-version":[{"id":8420,"href":"https:\/\/paroisse-saint-charles.fr\/WordPress3\/wp-json\/wp\/v2\/posts\/8417\/revisions\/8420"}],"wp:attachment":[{"href":"https:\/\/paroisse-saint-charles.fr\/WordPress3\/wp-json\/wp\/v2\/media?parent=8417"}],"wp:term":[{"taxonomy":"category","embeddable":true,"href":"https:\/\/paroisse-saint-charles.fr\/WordPress3\/wp-json\/wp\/v2\/categories?post=8417"},{"taxonomy":"post_tag","embeddable":true,"href":"https:\/\/paroisse-saint-charles.fr\/WordPress3\/wp-json\/wp\/v2\/tags?post=8417"}],"curies":[{"name":"wp","href":"https:\/\/api.w.org\/{rel}","templated":true}]}}