{"id":8421,"date":"2020-05-20T17:37:16","date_gmt":"2020-05-20T15:37:16","guid":{"rendered":"http:\/\/paroisse-saint-charles.fr\/WordPress3\/?p=8421"},"modified":"2020-05-20T17:39:46","modified_gmt":"2020-05-20T15:39:46","slug":"chants-pour-la-messe-de-lascension-et-le-dimanche-suivant","status":"publish","type":"post","link":"https:\/\/paroisse-saint-charles.fr\/WordPress3\/2020\/05\/chants-pour-la-messe-de-lascension-et-le-dimanche-suivant\/","title":{"rendered":"Chants pour la messe de l&rsquo;Ascension et le dimanche suivant."},"content":{"rendered":"<p>Chers paroissiens,<\/p>\n<p>voici les chants pour suivre la messe <a href=\"https:\/\/www.youtube.com\/channel\/UCjO5ytFm-MHFAnw9XOTG0jg\/videos\">retransmise<\/a> ce jeudi de l&rsquo;Ascension et du dimanche apr\u00e8s l&rsquo;Ascension.<\/p>\n<p>Notez que l&rsquo;Eglise Saint Charles ouvrira l&rsquo;apr\u00e8s-midi uniquement de 16h \u00e0 19h (et non pas 15h30).<\/p>\n<p>En vous assurant de nos pri\u00e8res.<\/p>\n<p>&nbsp;<\/p>\n<p><strong>Chant pour la Solennit\u00e9 de l\u2019Ascension.<\/strong><\/p>\n<p><strong>Entr\u00e9e\u00a0: <\/strong><\/p>\n<p>1 &#8211; Le Ma\u00eetre s&rsquo;\u00e9l\u00e8ve au ciel en ce jour ! Parmi nous s&rsquo;ach\u00e8ve son \u0153uvre d&rsquo;amour.<br \/>\nSauveur plein de gr\u00e2ce, et Roi tout puissant, Il fuit dans l&rsquo;espace en nous b\u00e9nissant.<\/p>\n<p>2 &#8211; Il monte \u00e0 son P\u00e8re suivi des \u00e9lus. Les hommes sur la terre ne le verront plus.<br \/>\nCe Roi de victoire viendra seulement Dans la m\u00eame gloire pour le jugement.<\/p>\n<p>3 &#8211; Vers notre mis\u00e8re jadis abaiss\u00e9, \u00e0 droite du P\u00e8re son tr\u00f4ne est plac\u00e9 !<br \/>\nC&rsquo;est l\u00e0 qu&rsquo;il nous aide : Son c\u0153ur humble et doux, au ciel interc\u00e8de \u00e0 jamais pour nous.<\/p>\n<p>&nbsp;<\/p>\n<p><strong>Communion\u00a0: <\/strong><\/p>\n<p>1 &#8211; Voici les noces \u00e9ternelles, heureux les invit\u00e9s<br \/>\nRecevons le vrai Pain du Ciel, heureux les invit\u00e9s.<\/p>\n<p><strong>Venez, venez, mangez, buvez<br \/>\n<\/strong><strong>Au festin o\u00f9 se livre l&rsquo;Agneau, o\u00f9 se livre l\u2019Agneau.<\/strong><\/p>\n<p>2 &#8211; J&rsquo;avance au pied de ton autel, apr\u00e8s Toi je languis<br \/>\nTu es la Source de la vie, apr\u00e8s Toi je languis.<\/p>\n<p>3 &#8211; Mon Dieu Tu te donnes en partage, par amour des p\u00e9cheurs<br \/>\nClou\u00e9 sur le bois de la Croix, par amour des p\u00e9cheurs.<\/p>\n<p>4 &#8211; Tu descends au fond de notre \u00e2me, viens et demeure en nous<br \/>\nTransforme-nous dans ton amour, viens et demeure en nous.<\/p>\n<p>5 &#8211; Rassasi\u00e9e, mon \u00e2me jubile, combl\u00e9e de ton amour ;<br \/>\nJe chanterai au long des jours, combl\u00e9s de ton amour.<\/p>\n<p>&nbsp;<\/p>\n<p><strong>Sortie\u00a0: Couronn\u00e9e d\u2019\u00e9toiles<\/strong><\/p>\n<p><strong>Nous te saluons, \u00d4 toi, Notre Dame,<br \/>\n<\/strong><strong>Marie Vierge Sainte que drape le soleil.<br \/>\n<\/strong><strong>Couronn\u00e9e d\u00b4\u00e9toiles, la lune est sous tes pas,<br \/>\n<\/strong><strong>En toi nous est donn\u00e9e\u00a0l\u00b4aurore du salut\u00a0<\/strong><\/p>\n<p>1 &#8211; Marie \u00c8ve nouvelle et joie de ton Seigneur,<br \/>\nTu as donn\u00e9 naissance \u00e0 J\u00e9sus le Sauveur.<br \/>\nPar toi nous sont ouvertes les portes du jardin.<br \/>\nGuide-nous en chemin, \u00c9toile du Matin.<\/p>\n<p>2 &#8211; Tu es rest\u00e9e fid\u00e8le, m\u00e8re au pied de la croix.<br \/>\nSoutiens notre esp\u00e9rance et garde notre foi.<br \/>\nDu c\u00f4t\u00e9 de ton Fils, tu as puis\u00e9 pour nous,<br \/>\nL\u00b4eau et le sang vers\u00e9s qui sauvent du p\u00e9ch\u00e9.<\/p>\n<p>&nbsp;<\/p>\n<p><strong>Chants du dimanche apr\u00e8s l\u2019Ascension<\/strong><\/p>\n<p>&nbsp;<\/p>\n<p><strong>Entr\u00e9e\u00a0:<\/strong><\/p>\n<p><strong>Viens, Esprit Saint, viens embraser nos c\u0153urs<br \/>\n<\/strong><strong>Viens au secours de nos faiblesses.<br \/>\n<\/strong><strong>Viens, Esprit Saint, viens, Esprit consolateur,<br \/>\n<\/strong><strong>Emplis-nous de joie et d\u2019all\u00e9gresse !<\/strong><\/p>\n<p>1 &#8211; Viens en nos \u00e2mes lasses, Esprit de saintet\u00e9.<br \/>\nViens nous combler de gr\u00e2ce et viens nous sanctifier.<br \/>\nViens gu\u00e9rir nos blessures, toi, le Consolateur,<br \/>\nViens, Source vive et pure, apaiser notre c\u0153ur !<\/p>\n<p>2 &#8211; Envoy\u00e9 par le P\u00e8re, tu viens nous visiter,<br \/>\nTu fais de nous des fr\u00e8res, peuple de baptis\u00e9s.<br \/>\nEnfants de la lumi\u00e8re, membres de J\u00e9sus-Christ,<br \/>\nNous pouvons crier \u201cP\u00e8re\u201d d\u2019un seul et m\u00eame Esprit.<\/p>\n<p>&nbsp;<\/p>\n<p>&nbsp;<\/p>\n<p><strong>Communion\u00a0:<\/strong><\/p>\n<p>1 \u2013 J\u00e9sus ta douce souvenance, donne \u00e0 nos c\u0153urs le vrai bonheur,<br \/>\nMais ton adorable pr\u00e9sence, du miel surpasse la douceur.<\/p>\n<p>2 &#8211; Il n\u2019est de chant plus agr\u00e9able, il n\u2019est de nom plus pr\u00e9cieux,<br \/>\nEt nulle pens\u00e9e plus d\u00e9lectable que toi J\u00e9sus fils du vrai Dieu.<\/p>\n<p>3 \u2013 J\u00e9sus si tendre \u00e0 qui t\u2019implore, espoir du p\u00eacheur repentant,<br \/>\nSi bon pour qui te cherche encore, te trouver quel ravissement.<\/p>\n<p>4 \u2013 Aucun discours ne peut traduire, nul trait\u00e9 ne peut exprimer,<br \/>\nQui t\u2019a trouv\u00e9 pourrait seul dire, combien il est doux de t\u2019aimer.<\/p>\n<p>5 \u2013 Prix qu\u2019obtiendra notre victoire, J\u00e9sus soit notre pur bonheur,<br \/>\nQu\u2019en toi toujours soit notre gloire, Toi notre \u00e9ternel bonheur.<\/p>\n<p>&nbsp;<\/p>\n<p><strong>Sortie\u00a0:<\/strong><\/p>\n<p><strong>Alleluia x4<\/strong><\/p>\n<p>1 &#8211; Marie, tu es b\u00e9nie plus que toutes les femmes,<br \/>\net b\u00e9ni le fruit de tes entrailles.<\/p>\n<p>2 &#8211; Marie combl\u00e9e de gr\u00e2ces, Adona\u00ef est avec toi,<br \/>\net l&rsquo;Esprit t&rsquo;a couvert de son ombre.<\/p>\n<p>3 &#8211; Marie, M\u00e8re de Dieu, acclam\u00e9e par les anges,<br \/>\nCiel et terre exultent en ta pr\u00e9sence.<\/p>\n<p>4 &#8211; Marie, douce M\u00e8re, qui porta le Seigneur J\u00e9sus,<br \/>\nconduis-nous au tr\u00f4ne de sa gr\u00e2ce.<\/p>\n<p>5 &#8211; Marie, arche d&rsquo;alliance, qui porta le pain de nos \u00e2mes,<br \/>\nouvre-nous les portes du festin.<\/p>\n","protected":false},"excerpt":{"rendered":"<p>Chers paroissiens, voici les chants pour suivre la messe retransmise ce jeudi de l&rsquo;Ascension et du dimanche apr\u00e8s l&rsquo;Ascension. Notez que l&rsquo;Eglise Saint Charles ouvrira l&rsquo;apr\u00e8s-midi uniquement de 16h \u00e0 19h (et non pas 15h30). En vous assurant de nos&#8230;<br \/><a class=\"read-more-button\" href=\"https:\/\/paroisse-saint-charles.fr\/WordPress3\/2020\/05\/chants-pour-la-messe-de-lascension-et-le-dimanche-suivant\/\">Savoir plus<\/a><\/p>\n","protected":false},"author":4,"featured_media":0,"comment_status":"closed","ping_status":"closed","sticky":false,"template":"","format":"standard","meta":{"footnotes":""},"categories":[8,11],"tags":[],"class_list":["post-8421","post","type-post","status-publish","format-standard","hentry","category-homepage","category-newsletter"],"jetpack_featured_media_url":"","_links":{"self":[{"href":"https:\/\/paroisse-saint-charles.fr\/WordPress3\/wp-json\/wp\/v2\/posts\/8421","targetHints":{"allow":["GET"]}}],"collection":[{"href":"https:\/\/paroisse-saint-charles.fr\/WordPress3\/wp-json\/wp\/v2\/posts"}],"about":[{"href":"https:\/\/paroisse-saint-charles.fr\/WordPress3\/wp-json\/wp\/v2\/types\/post"}],"author":[{"embeddable":true,"href":"https:\/\/paroisse-saint-charles.fr\/WordPress3\/wp-json\/wp\/v2\/users\/4"}],"replies":[{"embeddable":true,"href":"https:\/\/paroisse-saint-charles.fr\/WordPress3\/wp-json\/wp\/v2\/comments?post=8421"}],"version-history":[{"count":4,"href":"https:\/\/paroisse-saint-charles.fr\/WordPress3\/wp-json\/wp\/v2\/posts\/8421\/revisions"}],"predecessor-version":[{"id":8425,"href":"https:\/\/paroisse-saint-charles.fr\/WordPress3\/wp-json\/wp\/v2\/posts\/8421\/revisions\/8425"}],"wp:attachment":[{"href":"https:\/\/paroisse-saint-charles.fr\/WordPress3\/wp-json\/wp\/v2\/media?parent=8421"}],"wp:term":[{"taxonomy":"category","embeddable":true,"href":"https:\/\/paroisse-saint-charles.fr\/WordPress3\/wp-json\/wp\/v2\/categories?post=8421"},{"taxonomy":"post_tag","embeddable":true,"href":"https:\/\/paroisse-saint-charles.fr\/WordPress3\/wp-json\/wp\/v2\/tags?post=8421"}],"curies":[{"name":"wp","href":"https:\/\/api.w.org\/{rel}","templated":true}]}}