{"id":8426,"date":"2020-05-23T14:32:16","date_gmt":"2020-05-23T12:32:16","guid":{"rendered":"http:\/\/paroisse-saint-charles.fr\/WordPress3\/?p=8426"},"modified":"2020-05-23T19:19:39","modified_gmt":"2020-05-23T17:19:39","slug":"reprises-des-messes","status":"publish","type":"post","link":"https:\/\/paroisse-saint-charles.fr\/WordPress3\/2020\/05\/reprises-des-messes\/","title":{"rendered":"Reprise des messes !"},"content":{"rendered":"<p>Chers paroissiens,<\/p>\n<p>suite au d\u00e9cret minist\u00e9riel de ce jour, nous allons pouvoir r\u00e9ouvrir les \u00e9glises au culte et avoir la joie de pouvoir de nouveau prier avec vous !<\/p>\n<p>Des consignes sanitaires devront \u00eatre observ\u00e9es.<\/p>\n<p><strong>Afin d&rsquo;\u00e9viter un engorgement dans l&rsquo;\u00e9glise, il y aura 3 messes ce dimanche.<\/strong><\/p>\n<ul>\n<li><strong>\u00e0 8h45<\/strong><\/li>\n<li><strong>\u00e0 10h (retransmise sur la <a href=\"https:\/\/www.youtube.com\/channel\/UCjO5ytFm-MHFAnw9XOTG0jg\/videos\">chaine youtube de la paroisse<\/a>)<\/strong><\/li>\n<li><strong>\u00e0 11h30.<\/strong><\/li>\n<\/ul>\n<p><span style=\"text-decoration: underline;\">Merci \u00e0 ceux qui le peuvent de venir \u00e0 la messe de 8h45 ou 11h30, afin de laisser la messe de 10h aux familles pour qui les horaires de 8h45 et 11h30 ne sont pas pratiques.<\/span><\/p>\n<p><strong>Il nous faut respecter les gestes barri\u00e8res habituels :<\/strong><\/p>\n<ul>\n<li>Il faudra se laver les mains \u00e0 l&rsquo;entr\u00e9e de l&rsquo;\u00e9glise : nous proposerons du gel hydroalcoolique, le mieux \u00e9tant d&rsquo;apporter le v\u00f4tre.<\/li>\n<li>Ne pas se serrer la main ni s&#8217;embrasser : nous trouverons d&rsquo;autres moyens de nous manifester la joie des retrouvailles !<\/li>\n<li><strong>Les masques sont obligatoires \u00e0 partir de 11 ans.<\/strong> (Nous ne mettons pas de masque \u00e0 disposition !)<\/li>\n<li>Respecter la distance : <strong>utilisez un banc sur deux, une famille par banc.<\/strong><\/li>\n<li><span style=\"text-decoration: underline;\">Les WC ne devront pas \u00eatre utilis\u00e9es<\/span>. Merci de prendre vos dispositions au pr\u00e9alable.<\/li>\n<li>Respecter la signal\u00e9tique mise en place pour l&rsquo;entr\u00e9e et la sortie. Un portier vous guidera.<\/li>\n<\/ul>\n<p>Merci d&rsquo;<strong>\u00e9viter tout attroupement \u00e0 l&rsquo;entr\u00e9e ou la sortie de l&rsquo;\u00e9glise<\/strong>.<\/p>\n<p>Le panier de qu\u00eate ne devra pas passer de main en main.<\/p>\n<p>Au moment de la communion, veillez \u00e0 garder la distance dans la file de communion ainsi que agenouill\u00e9s au banc de communion.<\/p>\n<p>&nbsp;<\/p>\n<p>Voici les horaires pour cette semaine :<\/p>\n<ul>\n<li>dimanche 24 mai, Dimanche apr\u00e8s l&rsquo;Ascension,\n<ul>\n<li>messes \u00e0 8h45, 10h et 11h30<\/li>\n<li>V\u00eapres et adoration \u00e0 18h.<\/li>\n<\/ul>\n<\/li>\n<li>lundi 25, f\u00eate de St Gr\u00e9goire VII, messe \u00e0 18h30 suivie de l&rsquo;adoration<\/li>\n<li>mardi 26, St Philippe Neri, messe \u00e0 18h30, adoration de 8h \u00e0 9h et de 15h \u00e0 18h.<\/li>\n<li>mercredi 27, St B\u00e8de le V\u00e9n\u00e9r\u00e9ble,\n<ul>\n<li>messes \u00e0 10h30 et 18h30, adoration de 9h30 \u00e0 10h30<\/li>\n<li>cat\u00e9chisme pour les maternelles et primaires \u00e0 11h, et pour les coll\u00e9giens \u00e0 13h45<\/li>\n<li>R\u00e9p\u00e9tition de chorale pour les enfants \u00e0 14h45.<\/li>\n<li>reprise de l&rsquo;aum\u00f4nerie des lyc\u00e9ens \u00e0 19h.<\/li>\n<\/ul>\n<\/li>\n<li>jeudi 28, St Augustin de Cantorbery, messes \u00e0 12h15 et 18h30, adoration \u00e0 11h15.<\/li>\n<li>vendredi 29, Ste Marie Madeleine Pazzi, messes \u00e0 12h15 et 18h30, adoration de 15h \u00e0 18h.<\/li>\n<li>Samedi 30, Vigile de Pentec\u00f4te, messes \u00e0 12h15 et 18h30, adoration de 8h30 \u00e0 9h30.<\/li>\n<li>Dimanche 31 mai, Solennit\u00e9 de la Pentec\u00f4te.\n<ul>\n<li>Messes \u00e0 8h45, 10h et 11h30, sauf modification.<\/li>\n<li>v\u00eapres et adoration \u00e0 18h.<\/li>\n<\/ul>\n<\/li>\n<\/ul>\n<p>Dans la joie de vous retrouver.<\/p>\n<p>Abb\u00e9 Eloi Gillet<br \/>\nAbb\u00e9 Vincent Marie-Jeanne<br \/>\nFr\u00e8re Etienne.<\/p>\n","protected":false},"excerpt":{"rendered":"<p>Chers paroissiens, suite au d\u00e9cret minist\u00e9riel de ce jour, nous allons pouvoir r\u00e9ouvrir les \u00e9glises au culte et avoir la joie de pouvoir de nouveau prier avec vous ! Des consignes sanitaires devront \u00eatre observ\u00e9es. Afin d&rsquo;\u00e9viter un engorgement dans&#8230;<br \/><a class=\"read-more-button\" href=\"https:\/\/paroisse-saint-charles.fr\/WordPress3\/2020\/05\/reprises-des-messes\/\">Savoir plus<\/a><\/p>\n","protected":false},"author":4,"featured_media":0,"comment_status":"closed","ping_status":"closed","sticky":false,"template":"","format":"standard","meta":{"footnotes":""},"categories":[8,11,2],"tags":[],"class_list":["post-8426","post","type-post","status-publish","format-standard","hentry","category-homepage","category-newsletter","category-vie-de-la-paroisse"],"jetpack_featured_media_url":"","_links":{"self":[{"href":"https:\/\/paroisse-saint-charles.fr\/WordPress3\/wp-json\/wp\/v2\/posts\/8426","targetHints":{"allow":["GET"]}}],"collection":[{"href":"https:\/\/paroisse-saint-charles.fr\/WordPress3\/wp-json\/wp\/v2\/posts"}],"about":[{"href":"https:\/\/paroisse-saint-charles.fr\/WordPress3\/wp-json\/wp\/v2\/types\/post"}],"author":[{"embeddable":true,"href":"https:\/\/paroisse-saint-charles.fr\/WordPress3\/wp-json\/wp\/v2\/users\/4"}],"replies":[{"embeddable":true,"href":"https:\/\/paroisse-saint-charles.fr\/WordPress3\/wp-json\/wp\/v2\/comments?post=8426"}],"version-history":[{"count":5,"href":"https:\/\/paroisse-saint-charles.fr\/WordPress3\/wp-json\/wp\/v2\/posts\/8426\/revisions"}],"predecessor-version":[{"id":8431,"href":"https:\/\/paroisse-saint-charles.fr\/WordPress3\/wp-json\/wp\/v2\/posts\/8426\/revisions\/8431"}],"wp:attachment":[{"href":"https:\/\/paroisse-saint-charles.fr\/WordPress3\/wp-json\/wp\/v2\/media?parent=8426"}],"wp:term":[{"taxonomy":"category","embeddable":true,"href":"https:\/\/paroisse-saint-charles.fr\/WordPress3\/wp-json\/wp\/v2\/categories?post=8426"},{"taxonomy":"post_tag","embeddable":true,"href":"https:\/\/paroisse-saint-charles.fr\/WordPress3\/wp-json\/wp\/v2\/tags?post=8426"}],"curies":[{"name":"wp","href":"https:\/\/api.w.org\/{rel}","templated":true}]}}