{"id":9693,"date":"2022-01-17T12:59:33","date_gmt":"2022-01-17T11:59:33","guid":{"rendered":"http:\/\/paroisse-saint-charles.fr\/WordPress3\/?p=9693"},"modified":"2022-01-17T13:23:42","modified_gmt":"2022-01-17T12:23:42","slug":"annonces-pour-la-semaine-du-17-au-23-janvier-et-camp-ski","status":"publish","type":"post","link":"https:\/\/paroisse-saint-charles.fr\/WordPress3\/2022\/01\/annonces-pour-la-semaine-du-17-au-23-janvier-et-camp-ski\/","title":{"rendered":"Annonces pour la semaine du 17 au 23 janvier et camp ski !"},"content":{"rendered":"<p>Chers paroissiens,<\/p>\n<p>voici les annonces pour cette semaine :<\/p>\n<ul>\n<li>lundi 17, saint Antoine, messe \u00e0 18h30 suivie de l&rsquo;adoration<\/li>\n<li>mardi 18, de la f\u00e9rie, messes \u00e0 9h et 18h30, adoration \u00e0 8h, Groupe Mis\u00e9ricordia \u00e0 20h avec maraude. <strong>D\u00e9but de la semaine de pri\u00e8re pour l&rsquo;unit\u00e9 des chr\u00e9tiens.\u00a0<\/strong><\/li>\n<li>mercredi 19, de la f\u00e9rie, messes \u00e0 10h30 et 18h30, adoration \u00e0 9h30.\u00a0<strong>Chapelet public \u00e0 18h devant l&rsquo;\u00e9glise.\u00a0<\/strong><\/li>\n<li>jeudi 20, saint Fabien et saint S\u00e9bastien, messes \u00e0 12h15 et 18h30, adoration de 11h15 \u00e0 12h15.\u00a0<strong>Cat\u00e9chisme pour\u00a0adultes \u00e0 20h\u00a0<\/strong>sur le 5\u00e8me commandement (suite)<\/li>\n<li>vendredi 21, sainte Agn\u00e8s, messes \u00e0 7h30 et 18h30, Heure Sainte \u00e0 15h. Chapelet m\u00e9dit\u00e9 \u00e0 12h30.<\/li>\n<li>samedi 22, saints Vincent et Anastase, messes \u00e0 12h15 et 18h30, adoration \u00e0 8h30.<\/li>\n<li>Dimanche 23 janvier, 3\u00e8me dimanche apr\u00e8s l&rsquo;\u00e9piphanie, messes \u00e0 9h et 10h30, pas de v\u00eapres ni Salut. Une vente de g\u00e2teaux sera propos\u00e9e ce dimanche.<\/li>\n<\/ul>\n<p>Suite \u00e0 la venue de notre archev\u00eaque, il est tout a fait <strong>possible (et m\u00eame souhaitable) de lui \u00e9crire<\/strong> : \u00e0 la fois pour le remercier de sa venue \u00e0 Saint-Charles, de sa sollicitude paternelle, mais aussi pour lui exprimer vos sentiments, votre histoire. Il est sensible et \u00e0 l&rsquo;\u00e9coute. Si vous craignez de commettre un impair, n&rsquo;h\u00e9sitez pas \u00e0 nous le faire relire avant.\u00a0 (Mgr Jean Marc Aveline, Archev\u00each\u00e9 de Marseille,\u00a0 14 Place du Colonel Edon, 13007 Marseille)<\/p>\n<p>Veuillez noter que la <strong>chorale recrute des sopranes<\/strong>. R\u00e9p\u00e9tition tous les jeudis soir de 20h \u00e0 22h.<\/p>\n<p>Nous vous rappelons qu&rsquo;il y a une <strong>garderie \u00e0 la sacristie<\/strong> (chauff\u00e9e !) le dimanche matin durant la grand-messe.<\/p>\n<p>Enfin, veuillez trouver ci-dessous des <strong><span style=\"text-decoration: underline;\">informations concernant le camp sk<\/span>i<\/strong> dont nous vous avons d\u00e9j\u00e0 parl\u00e9. A un mois du camp, nous avons confirmation que le passe sanitaire sera requis pour les remont\u00e9es m\u00e9caniques. Or, nous ne pouvons imposer le passe sanitaire pour pouvoir participer au camp. Et nous n\u2019envisageons de renoncer \u00e0 ce camp ski, qui est un moment privil\u00e9gi\u00e9 pour permettre \u00e0 vos enfants de grandir dans une foi plus personnelle. C&rsquo;est pourquoi nous avons l&rsquo;intention de maintenir le camp, mais en rempla\u00e7ant le ski de descente par des activit\u00e9s telles que le ski de fond, raquettes, randonn\u00e9es etc.<\/p>\n<p><strong>Concr\u00e8tement,\u00a0le camp ski nouvelle formule, c&rsquo;est :<\/strong><br \/>\n&#8211; d\u00e9part un jour plus tard ( lundi 14 f\u00e9vrier au lieu de dimanche 13 f\u00e9vrier. )<br \/>\n&#8211; 260\u20ac au lieu de 350 (plus besoin de forfait, merci le passe sanitaire !)<br \/>\n&#8211; du ski de fond, raquettes etc : id\u00e9al pour pouvoir discuter, d\u00e9velopper des amiti\u00e9s<br \/>\n&#8211; des temps spi qui aident les jeunes \u00e0 s&rsquo;approprier leur foi<br \/>\n&#8211; des soir\u00e9es vari\u00e9es : carnaval, jeux, p\u00e9l\u00e9 etc<br \/>\n&#8211; une \u00e9quipe d&rsquo;animation plus que d\u00e9termin\u00e9e \u00e0 faire vivre \u00e0 vos jeunes de bons moments, centr\u00e9s sur Dieu.<\/p>\n<p>Nous sommes \u00e0 votre disposition pour toute question. Puisque le projet initial a \u00e9t\u00e9 modifi\u00e9, vos arrhes vous seront rendues si vous n&rsquo;\u00eates plus int\u00e9ress\u00e9s par la nouvelle formule. <strong>Pouvez-vous nous dire si vous maintenez votre inscription ou si vous l&rsquo;annulez pour le 23 janvier<\/strong> ? L&rsquo;abb\u00e9 Guillaume Le Gall centralise les informations : par mail guillaume.lg289@gmail.com ou par t\u00e9l\u00e9phone : 0636344463 (pr\u00e9f\u00e9rez les sms).<strong> Si vous n&rsquo;\u00eates pas encore inscrit, il est encore temps de le faire<\/strong> aupr\u00e8s du m\u00eame abb\u00e9 Guillaume Le Gall. En fonction du nombre d&rsquo;inscrits de Marseille, il nous faudrait un second v\u00e9hicule (que nous vous lourons via le site ouicar.fr de telle sorte que votre assurance ne soit pas affect\u00e9e.) Si vous avez un tel v\u00e9hicule\u00a0 \u00e0 louer (au minimum 7 places, id\u00e9alement 9 places), envoyez un sms \u00e0 l&rsquo;abb\u00e9 Gillet (06 74 65 73 51). Nous pouvons vous pr\u00eater une voiture 5 places en \u00e9change durant le camp !<\/p>\n<p>En vous assurant de nos pri\u00e8res<\/p>\n<p>Abb\u00e9 Eloi Gillet<br \/>\nAbb\u00e9 Vincent Marie-Jeanne.<\/p>\n","protected":false},"excerpt":{"rendered":"<p>Chers paroissiens, voici les annonces pour cette semaine : lundi 17, saint Antoine, messe \u00e0 18h30 suivie de l&rsquo;adoration mardi 18, de la f\u00e9rie, messes \u00e0 9h et 18h30, adoration \u00e0 8h, Groupe Mis\u00e9ricordia \u00e0 20h avec maraude. D\u00e9but de&#8230;<br \/><a class=\"read-more-button\" href=\"https:\/\/paroisse-saint-charles.fr\/WordPress3\/2022\/01\/annonces-pour-la-semaine-du-17-au-23-janvier-et-camp-ski\/\">Savoir plus<\/a><\/p>\n","protected":false},"author":8,"featured_media":0,"comment_status":"closed","ping_status":"closed","sticky":false,"template":"","format":"standard","meta":{"footnotes":""},"categories":[8,11,2],"tags":[],"class_list":["post-9693","post","type-post","status-publish","format-standard","hentry","category-homepage","category-newsletter","category-vie-de-la-paroisse"],"jetpack_featured_media_url":"","_links":{"self":[{"href":"https:\/\/paroisse-saint-charles.fr\/WordPress3\/wp-json\/wp\/v2\/posts\/9693","targetHints":{"allow":["GET"]}}],"collection":[{"href":"https:\/\/paroisse-saint-charles.fr\/WordPress3\/wp-json\/wp\/v2\/posts"}],"about":[{"href":"https:\/\/paroisse-saint-charles.fr\/WordPress3\/wp-json\/wp\/v2\/types\/post"}],"author":[{"embeddable":true,"href":"https:\/\/paroisse-saint-charles.fr\/WordPress3\/wp-json\/wp\/v2\/users\/8"}],"replies":[{"embeddable":true,"href":"https:\/\/paroisse-saint-charles.fr\/WordPress3\/wp-json\/wp\/v2\/comments?post=9693"}],"version-history":[{"count":4,"href":"https:\/\/paroisse-saint-charles.fr\/WordPress3\/wp-json\/wp\/v2\/posts\/9693\/revisions"}],"predecessor-version":[{"id":9698,"href":"https:\/\/paroisse-saint-charles.fr\/WordPress3\/wp-json\/wp\/v2\/posts\/9693\/revisions\/9698"}],"wp:attachment":[{"href":"https:\/\/paroisse-saint-charles.fr\/WordPress3\/wp-json\/wp\/v2\/media?parent=9693"}],"wp:term":[{"taxonomy":"category","embeddable":true,"href":"https:\/\/paroisse-saint-charles.fr\/WordPress3\/wp-json\/wp\/v2\/categories?post=9693"},{"taxonomy":"post_tag","embeddable":true,"href":"https:\/\/paroisse-saint-charles.fr\/WordPress3\/wp-json\/wp\/v2\/tags?post=9693"}],"curies":[{"name":"wp","href":"https:\/\/api.w.org\/{rel}","templated":true}]}}